{"id":8866,"date":"2023-05-29T11:20:01","date_gmt":"2023-05-29T10:20:01","guid":{"rendered":"https:\/\/www.auditorium.com\/?p=8866"},"modified":"2023-06-01T15:24:47","modified_gmt":"2023-06-01T14:24:47","slug":"la-jazz-campus-orchestra-in-concerto-al-teatro-dellopera-di-firenze","status":"publish","type":"post","link":"https:\/\/www.auditorium.com\/it\/la-jazz-campus-orchestra-in-concerto-al-teatro-dellopera-di-firenze\/","title":{"rendered":"La Jazz Campus Orchestra in concerto al Teatro dell&#8217;Opera di Firenze"},"content":{"rendered":"<p>Il 6 luglio al Teatro dell&#8217;Opera di Firenze (Teatro del Maggio Musicale Fiorentino) la <strong>Jazz Campus Orchestra <\/strong>della Fondazione Musica per Roma e l&#8217;Orchestra dei Ragazzi (OdR) della Scuola di Musica di Fiesole si incontreranno per eseguire insieme &#8220;Il nuovo libro della giungla\u201d, un&#8217;opera realizzata da <strong>Massimo Nunzi<\/strong> e dallo scrittore francese <strong>Yann Apperry<\/strong>. L&#8217;intera orchestra sar\u00e0 diretta dal Maestro <strong>Antonino Siringo<\/strong>, con la voce recitante del <strong>Maestro Edoardo Rosadini<\/strong>. &#8220;Il nuovo libro della giungla\u201d \u00e8 una rilettura contemporanea dell&#8217;opera di <strong>R. Kipling<\/strong> e verr\u00e0 realizzato dal vivo da un&#8217;orchestra di pi\u00f9 di 100 elementi che schiera per la prima volta insieme le scuole musicali Classiche e Jazz di due delle pi\u00f9 importanti istituzioni italiane. Il concerto \u00e8 realizzato da un&#8217;orchestra composta da musiciste e musicisti dai nove anni\u00a0ai\u00a018\u00a0anni.<\/p>\n","protected":false},"excerpt":{"rendered":"Il 6 luglio al Teatro dell&#8217;Opera di Firenze (Teatro del Maggio Musicale Fiorentino) la Jazz Campus Orchestra della Fondazione Musica per Roma e l&#8217;Orchestra dei Ragazzi (OdR) della Scuola di Musica di Fiesole si incontreranno per eseguire insieme &#8220;Il nuovo libro della giungla\u201d, un&#8217;opera realizzata da Massimo Nunzi e dallo scrittore francese Yann Apperry. L&#8217;intera [&hellip;]","protected":false},"author":24,"featured_media":3332,"comment_status":"open","ping_status":"open","sticky":false,"template":"","format":"standard","meta":{"_acf_changed":false,"inline_featured_image":false,"footnotes":""},"categories":[105],"tags":[],"class_list":["post-8866","post","type-post","status-publish","format-standard","has-post-thumbnail","hentry","category-informazioni-al-pubblico"],"acf":[],"yoast_head":"<!-- This site is optimized with the Yoast SEO plugin v22.6 - https:\/\/yoast.com\/wordpress\/plugins\/seo\/ -->\n<title>La Jazz Campus Orchestra in concerto al Teatro dell&#039;Opera di Firenze | Auditorium Parco della Musica Ennio Morricone<\/title>\n<meta name=\"description\" content=\"La Jazz Campus Orchestra in concerto al Teatro dell&#039;Opera di Firenze\" \/>\n<meta name=\"robots\" content=\"index, follow, max-snippet:-1, max-image-preview:large, max-video-preview:-1\" \/>\n<link rel=\"canonical\" href=\"https:\/\/www.auditorium.com\/it\/la-jazz-campus-orchestra-in-concerto-al-teatro-dellopera-di-firenze\/\" \/>\n<meta property=\"og:locale\" content=\"it_IT\" \/>\n<meta property=\"og:type\" content=\"article\" \/>\n<meta property=\"og:title\" content=\"La Jazz Campus Orchestra in concerto al Teatro dell&#039;Opera di Firenze | Auditorium Parco della Musica Ennio Morricone\" \/>\n<meta property=\"og:description\" content=\"La Jazz Campus Orchestra in concerto al Teatro dell&#039;Opera di Firenze\" \/>\n<meta property=\"og:url\" content=\"https:\/\/www.auditorium.com\/it\/la-jazz-campus-orchestra-in-concerto-al-teatro-dellopera-di-firenze\/\" \/>\n<meta property=\"og:site_name\" content=\"Auditorium Parco della Musica Ennio Morricone\" \/>\n<meta property=\"article:publisher\" content=\"https:\/\/www.facebook.com\/AuditoriumParcodellaMusica\" \/>\n<meta property=\"article:published_time\" content=\"2023-05-29T10:20:01+00:00\" \/>\n<meta property=\"article:modified_time\" content=\"2023-06-01T14:24:47+00:00\" \/>\n<meta property=\"og:image\" content=\"https:\/\/www.auditorium.com\/wp-content\/uploads\/2023\/02\/JCO.jpg\" \/>\n\t<meta property=\"og:image:width\" content=\"1920\" \/>\n\t<meta property=\"og:image:height\" content=\"1080\" \/>\n\t<meta property=\"og:image:type\" content=\"image\/jpeg\" \/>\n<meta name=\"author\" content=\"Emanuele Camilli\" \/>\n<meta name=\"twitter:card\" content=\"summary_large_image\" \/>\n<meta name=\"twitter:creator\" content=\"@auditoriumpdm\" \/>\n<meta name=\"twitter:site\" content=\"@auditoriumpdm\" \/>\n<meta name=\"twitter:label1\" content=\"Scritto da\" \/>\n\t<meta name=\"twitter:data1\" content=\"Emanuele Camilli\" \/>\n\t<meta name=\"twitter:label2\" content=\"Tempo di lettura stimato\" \/>\n\t<meta name=\"twitter:data2\" content=\"1 minuto\" \/>\n<script type=\"application\/ld+json\" class=\"yoast-schema-graph\">{\"@context\":\"https:\/\/schema.org\",\"@graph\":[{\"@type\":\"Article\",\"@id\":\"https:\/\/www.auditorium.com\/it\/la-jazz-campus-orchestra-in-concerto-al-teatro-dellopera-di-firenze\/#article\",\"isPartOf\":{\"@id\":\"https:\/\/www.auditorium.com\/it\/la-jazz-campus-orchestra-in-concerto-al-teatro-dellopera-di-firenze\/\"},\"author\":{\"name\":\"Emanuele Camilli\",\"@id\":\"https:\/\/www.auditorium.com\/it\/#\/schema\/person\/ba274ec0d3d9287cf6783059f90782d0\"},\"headline\":\"La Jazz Campus Orchestra in concerto al Teatro dell&#8217;Opera di Firenze\",\"datePublished\":\"2023-05-29T10:20:01+00:00\",\"dateModified\":\"2023-06-01T14:24:47+00:00\",\"mainEntityOfPage\":{\"@id\":\"https:\/\/www.auditorium.com\/it\/la-jazz-campus-orchestra-in-concerto-al-teatro-dellopera-di-firenze\/\"},\"wordCount\":146,\"commentCount\":0,\"publisher\":{\"@id\":\"https:\/\/www.auditorium.com\/it\/#organization\"},\"image\":{\"@id\":\"https:\/\/www.auditorium.com\/it\/la-jazz-campus-orchestra-in-concerto-al-teatro-dellopera-di-firenze\/#primaryimage\"},\"thumbnailUrl\":\"https:\/\/www.auditorium.com\/wp-content\/uploads\/2023\/02\/JCO.jpg\",\"articleSection\":[\"Informazioni al pubblico\"],\"inLanguage\":\"it-IT\",\"potentialAction\":[{\"@type\":\"CommentAction\",\"name\":\"Comment\",\"target\":[\"https:\/\/www.auditorium.com\/it\/la-jazz-campus-orchestra-in-concerto-al-teatro-dellopera-di-firenze\/#respond\"]}]},{\"@type\":\"WebPage\",\"@id\":\"https:\/\/www.auditorium.com\/it\/la-jazz-campus-orchestra-in-concerto-al-teatro-dellopera-di-firenze\/\",\"url\":\"https:\/\/www.auditorium.com\/it\/la-jazz-campus-orchestra-in-concerto-al-teatro-dellopera-di-firenze\/\",\"name\":\"La Jazz Campus Orchestra in concerto al Teatro dell'Opera di Firenze | Auditorium Parco della Musica Ennio Morricone\",\"isPartOf\":{\"@id\":\"https:\/\/www.auditorium.com\/it\/#website\"},\"primaryImageOfPage\":{\"@id\":\"https:\/\/www.auditorium.com\/it\/la-jazz-campus-orchestra-in-concerto-al-teatro-dellopera-di-firenze\/#primaryimage\"},\"image\":{\"@id\":\"https:\/\/www.auditorium.com\/it\/la-jazz-campus-orchestra-in-concerto-al-teatro-dellopera-di-firenze\/#primaryimage\"},\"thumbnailUrl\":\"https:\/\/www.auditorium.com\/wp-content\/uploads\/2023\/02\/JCO.jpg\",\"datePublished\":\"2023-05-29T10:20:01+00:00\",\"dateModified\":\"2023-06-01T14:24:47+00:00\",\"description\":\"La Jazz Campus Orchestra in concerto al Teatro dell'Opera di Firenze\",\"breadcrumb\":{\"@id\":\"https:\/\/www.auditorium.com\/it\/la-jazz-campus-orchestra-in-concerto-al-teatro-dellopera-di-firenze\/#breadcrumb\"},\"inLanguage\":\"it-IT\",\"potentialAction\":[{\"@type\":\"ReadAction\",\"target\":[\"https:\/\/www.auditorium.com\/it\/la-jazz-campus-orchestra-in-concerto-al-teatro-dellopera-di-firenze\/\"]}]},{\"@type\":\"ImageObject\",\"inLanguage\":\"it-IT\",\"@id\":\"https:\/\/www.auditorium.com\/it\/la-jazz-campus-orchestra-in-concerto-al-teatro-dellopera-di-firenze\/#primaryimage\",\"url\":\"https:\/\/www.auditorium.com\/wp-content\/uploads\/2023\/02\/JCO.jpg\",\"contentUrl\":\"https:\/\/www.auditorium.com\/wp-content\/uploads\/2023\/02\/JCO.jpg\",\"width\":1920,\"height\":1080,\"caption\":\"JCO\"},{\"@type\":\"BreadcrumbList\",\"@id\":\"https:\/\/www.auditorium.com\/it\/la-jazz-campus-orchestra-in-concerto-al-teatro-dellopera-di-firenze\/#breadcrumb\",\"itemListElement\":[{\"@type\":\"ListItem\",\"position\":1,\"name\":\"Home\",\"item\":\"https:\/\/www.auditorium.com\/it\/\"},{\"@type\":\"ListItem\",\"position\":2,\"name\":\"La Jazz Campus Orchestra in concerto al Teatro dell&#8217;Opera di Firenze\"}]},{\"@type\":\"WebSite\",\"@id\":\"https:\/\/www.auditorium.com\/it\/#website\",\"url\":\"https:\/\/www.auditorium.com\/it\/\",\"name\":\"Auditorium Parco della Musica Ennio Morricone\",\"description\":\"Progettato da Renzo Piano, l&#039;Auditorium rappresenta una sofisticata architettura musicale e uno straordinario intervento di riqualificazione urbana.\",\"publisher\":{\"@id\":\"https:\/\/www.auditorium.com\/it\/#organization\"},\"potentialAction\":[{\"@type\":\"SearchAction\",\"target\":{\"@type\":\"EntryPoint\",\"urlTemplate\":\"https:\/\/www.auditorium.com\/it\/?s={search_term_string}\"},\"query-input\":\"required name=search_term_string\"}],\"inLanguage\":\"it-IT\"},{\"@type\":\"Organization\",\"@id\":\"https:\/\/www.auditorium.com\/it\/#organization\",\"name\":\"Auditorium Parco della Musica Ennio Morricone\",\"url\":\"https:\/\/www.auditorium.com\/it\/\",\"logo\":{\"@type\":\"ImageObject\",\"inLanguage\":\"it-IT\",\"@id\":\"https:\/\/www.auditorium.com\/it\/#\/schema\/logo\/image\/\",\"url\":\"https:\/\/www.auditorium.com\/wp-content\/uploads\/2022\/12\/logo-auditorium.svg\",\"contentUrl\":\"https:\/\/www.auditorium.com\/wp-content\/uploads\/2022\/12\/logo-auditorium.svg\",\"width\":86,\"height\":79,\"caption\":\"Auditorium Parco della Musica Ennio Morricone\"},\"image\":{\"@id\":\"https:\/\/www.auditorium.com\/it\/#\/schema\/logo\/image\/\"},\"sameAs\":[\"https:\/\/www.facebook.com\/AuditoriumParcodellaMusica\",\"https:\/\/x.com\/auditoriumpdm\",\"https:\/\/www.instagram.com\/auditoriumparcodellamusica\/\"]},{\"@type\":\"Person\",\"@id\":\"https:\/\/www.auditorium.com\/it\/#\/schema\/person\/ba274ec0d3d9287cf6783059f90782d0\",\"name\":\"Emanuele Camilli\",\"image\":{\"@type\":\"ImageObject\",\"inLanguage\":\"it-IT\",\"@id\":\"https:\/\/www.auditorium.com\/it\/#\/schema\/person\/image\/\",\"url\":\"https:\/\/secure.gravatar.com\/avatar\/36ef52337d799de5b15c62f9210a3f6319cb409a709fbdbaa1238e352e9298f7?s=96&d=mm&r=g\",\"contentUrl\":\"https:\/\/secure.gravatar.com\/avatar\/36ef52337d799de5b15c62f9210a3f6319cb409a709fbdbaa1238e352e9298f7?s=96&d=mm&r=g\",\"caption\":\"Emanuele Camilli\"}}]}<\/script>\n<!-- \/ Yoast SEO plugin. -->","yoast_head_json":{"title":"La Jazz Campus Orchestra in concerto al Teatro dell'Opera di Firenze | Auditorium Parco della Musica Ennio Morricone","description":"La Jazz Campus Orchestra in concerto al Teatro dell'Opera di Firenze","robots":{"index":"index","follow":"follow","max-snippet":"max-snippet:-1","max-image-preview":"max-image-preview:large","max-video-preview":"max-video-preview:-1"},"canonical":"https:\/\/www.auditorium.com\/it\/la-jazz-campus-orchestra-in-concerto-al-teatro-dellopera-di-firenze\/","og_locale":"it_IT","og_type":"article","og_title":"La Jazz Campus Orchestra in concerto al Teatro dell'Opera di Firenze | Auditorium Parco della Musica Ennio Morricone","og_description":"La Jazz Campus Orchestra in concerto al Teatro dell'Opera di Firenze","og_url":"https:\/\/www.auditorium.com\/it\/la-jazz-campus-orchestra-in-concerto-al-teatro-dellopera-di-firenze\/","og_site_name":"Auditorium Parco della Musica Ennio Morricone","article_publisher":"https:\/\/www.facebook.com\/AuditoriumParcodellaMusica","article_published_time":"2023-05-29T10:20:01+00:00","article_modified_time":"2023-06-01T14:24:47+00:00","og_image":[{"width":1920,"height":1080,"url":"https:\/\/www.auditorium.com\/wp-content\/uploads\/2023\/02\/JCO.jpg","type":"image\/jpeg"}],"author":"Emanuele Camilli","twitter_card":"summary_large_image","twitter_creator":"@auditoriumpdm","twitter_site":"@auditoriumpdm","twitter_misc":{"Scritto da":"Emanuele Camilli","Tempo di lettura stimato":"1 minuto"},"schema":{"@context":"https:\/\/schema.org","@graph":[{"@type":"Article","@id":"https:\/\/www.auditorium.com\/it\/la-jazz-campus-orchestra-in-concerto-al-teatro-dellopera-di-firenze\/#article","isPartOf":{"@id":"https:\/\/www.auditorium.com\/it\/la-jazz-campus-orchestra-in-concerto-al-teatro-dellopera-di-firenze\/"},"author":{"name":"Emanuele Camilli","@id":"https:\/\/www.auditorium.com\/it\/#\/schema\/person\/ba274ec0d3d9287cf6783059f90782d0"},"headline":"La Jazz Campus Orchestra in concerto al Teatro dell&#8217;Opera di Firenze","datePublished":"2023-05-29T10:20:01+00:00","dateModified":"2023-06-01T14:24:47+00:00","mainEntityOfPage":{"@id":"https:\/\/www.auditorium.com\/it\/la-jazz-campus-orchestra-in-concerto-al-teatro-dellopera-di-firenze\/"},"wordCount":146,"commentCount":0,"publisher":{"@id":"https:\/\/www.auditorium.com\/it\/#organization"},"image":{"@id":"https:\/\/www.auditorium.com\/it\/la-jazz-campus-orchestra-in-concerto-al-teatro-dellopera-di-firenze\/#primaryimage"},"thumbnailUrl":"https:\/\/www.auditorium.com\/wp-content\/uploads\/2023\/02\/JCO.jpg","articleSection":["Informazioni al pubblico"],"inLanguage":"it-IT","potentialAction":[{"@type":"CommentAction","name":"Comment","target":["https:\/\/www.auditorium.com\/it\/la-jazz-campus-orchestra-in-concerto-al-teatro-dellopera-di-firenze\/#respond"]}]},{"@type":"WebPage","@id":"https:\/\/www.auditorium.com\/it\/la-jazz-campus-orchestra-in-concerto-al-teatro-dellopera-di-firenze\/","url":"https:\/\/www.auditorium.com\/it\/la-jazz-campus-orchestra-in-concerto-al-teatro-dellopera-di-firenze\/","name":"La Jazz Campus Orchestra in concerto al Teatro dell'Opera di Firenze | Auditorium Parco della Musica Ennio Morricone","isPartOf":{"@id":"https:\/\/www.auditorium.com\/it\/#website"},"primaryImageOfPage":{"@id":"https:\/\/www.auditorium.com\/it\/la-jazz-campus-orchestra-in-concerto-al-teatro-dellopera-di-firenze\/#primaryimage"},"image":{"@id":"https:\/\/www.auditorium.com\/it\/la-jazz-campus-orchestra-in-concerto-al-teatro-dellopera-di-firenze\/#primaryimage"},"thumbnailUrl":"https:\/\/www.auditorium.com\/wp-content\/uploads\/2023\/02\/JCO.jpg","datePublished":"2023-05-29T10:20:01+00:00","dateModified":"2023-06-01T14:24:47+00:00","description":"La Jazz Campus Orchestra in concerto al Teatro dell'Opera di Firenze","breadcrumb":{"@id":"https:\/\/www.auditorium.com\/it\/la-jazz-campus-orchestra-in-concerto-al-teatro-dellopera-di-firenze\/#breadcrumb"},"inLanguage":"it-IT","potentialAction":[{"@type":"ReadAction","target":["https:\/\/www.auditorium.com\/it\/la-jazz-campus-orchestra-in-concerto-al-teatro-dellopera-di-firenze\/"]}]},{"@type":"ImageObject","inLanguage":"it-IT","@id":"https:\/\/www.auditorium.com\/it\/la-jazz-campus-orchestra-in-concerto-al-teatro-dellopera-di-firenze\/#primaryimage","url":"https:\/\/www.auditorium.com\/wp-content\/uploads\/2023\/02\/JCO.jpg","contentUrl":"https:\/\/www.auditorium.com\/wp-content\/uploads\/2023\/02\/JCO.jpg","width":1920,"height":1080,"caption":"JCO"},{"@type":"BreadcrumbList","@id":"https:\/\/www.auditorium.com\/it\/la-jazz-campus-orchestra-in-concerto-al-teatro-dellopera-di-firenze\/#breadcrumb","itemListElement":[{"@type":"ListItem","position":1,"name":"Home","item":"https:\/\/www.auditorium.com\/it\/"},{"@type":"ListItem","position":2,"name":"La Jazz Campus Orchestra in concerto al Teatro dell&#8217;Opera di Firenze"}]},{"@type":"WebSite","@id":"https:\/\/www.auditorium.com\/it\/#website","url":"https:\/\/www.auditorium.com\/it\/","name":"Auditorium Parco della Musica Ennio Morricone","description":"Progettato da Renzo Piano, l&#039;Auditorium rappresenta una sofisticata architettura musicale e uno straordinario intervento di riqualificazione urbana.","publisher":{"@id":"https:\/\/www.auditorium.com\/it\/#organization"},"potentialAction":[{"@type":"SearchAction","target":{"@type":"EntryPoint","urlTemplate":"https:\/\/www.auditorium.com\/it\/?s={search_term_string}"},"query-input":"required name=search_term_string"}],"inLanguage":"it-IT"},{"@type":"Organization","@id":"https:\/\/www.auditorium.com\/it\/#organization","name":"Auditorium Parco della Musica Ennio Morricone","url":"https:\/\/www.auditorium.com\/it\/","logo":{"@type":"ImageObject","inLanguage":"it-IT","@id":"https:\/\/www.auditorium.com\/it\/#\/schema\/logo\/image\/","url":"https:\/\/www.auditorium.com\/wp-content\/uploads\/2022\/12\/logo-auditorium.svg","contentUrl":"https:\/\/www.auditorium.com\/wp-content\/uploads\/2022\/12\/logo-auditorium.svg","width":86,"height":79,"caption":"Auditorium Parco della Musica Ennio Morricone"},"image":{"@id":"https:\/\/www.auditorium.com\/it\/#\/schema\/logo\/image\/"},"sameAs":["https:\/\/www.facebook.com\/AuditoriumParcodellaMusica","https:\/\/x.com\/auditoriumpdm","https:\/\/www.instagram.com\/auditoriumparcodellamusica\/"]},{"@type":"Person","@id":"https:\/\/www.auditorium.com\/it\/#\/schema\/person\/ba274ec0d3d9287cf6783059f90782d0","name":"Emanuele Camilli","image":{"@type":"ImageObject","inLanguage":"it-IT","@id":"https:\/\/www.auditorium.com\/it\/#\/schema\/person\/image\/","url":"https:\/\/secure.gravatar.com\/avatar\/36ef52337d799de5b15c62f9210a3f6319cb409a709fbdbaa1238e352e9298f7?s=96&d=mm&r=g","contentUrl":"https:\/\/secure.gravatar.com\/avatar\/36ef52337d799de5b15c62f9210a3f6319cb409a709fbdbaa1238e352e9298f7?s=96&d=mm&r=g","caption":"Emanuele Camilli"}}]}},"_links":{"self":[{"href":"https:\/\/www.auditorium.com\/it\/wp-json\/wp\/v2\/posts\/8866","targetHints":{"allow":["GET"]}}],"collection":[{"href":"https:\/\/www.auditorium.com\/it\/wp-json\/wp\/v2\/posts"}],"about":[{"href":"https:\/\/www.auditorium.com\/it\/wp-json\/wp\/v2\/types\/post"}],"author":[{"embeddable":true,"href":"https:\/\/www.auditorium.com\/it\/wp-json\/wp\/v2\/users\/24"}],"replies":[{"embeddable":true,"href":"https:\/\/www.auditorium.com\/it\/wp-json\/wp\/v2\/comments?post=8866"}],"version-history":[{"count":3,"href":"https:\/\/www.auditorium.com\/it\/wp-json\/wp\/v2\/posts\/8866\/revisions"}],"predecessor-version":[{"id":9147,"href":"https:\/\/www.auditorium.com\/it\/wp-json\/wp\/v2\/posts\/8866\/revisions\/9147"}],"wp:featuredmedia":[{"embeddable":true,"href":"https:\/\/www.auditorium.com\/it\/wp-json\/wp\/v2\/media\/3332"}],"wp:attachment":[{"href":"https:\/\/www.auditorium.com\/it\/wp-json\/wp\/v2\/media?parent=8866"}],"wp:term":[{"taxonomy":"category","embeddable":true,"href":"https:\/\/www.auditorium.com\/it\/wp-json\/wp\/v2\/categories?post=8866"},{"taxonomy":"post_tag","embeddable":true,"href":"https:\/\/www.auditorium.com\/it\/wp-json\/wp\/v2\/tags?post=8866"}],"curies":[{"name":"wp","href":"https:\/\/api.w.org\/{rel}","templated":true}]}}