{"id":5950,"date":"2023-03-27T14:40:38","date_gmt":"2023-03-27T13:40:38","guid":{"rendered":"https:\/\/www.auditorium.com\/?p=5950"},"modified":"2023-03-27T14:45:41","modified_gmt":"2023-03-27T13:45:41","slug":"si-chiude-con-15-000-presenze-la-quattordicesima-edizione-di-libri-come","status":"publish","type":"post","link":"https:\/\/www.auditorium.com\/it\/si-chiude-con-15-000-presenze-la-quattordicesima-edizione-di-libri-come\/","title":{"rendered":"Si chiude con 15.000 presenze la quattordicesima edizione di Libri Come"},"content":{"rendered":"<p>Si chiude con 15.000 presenze la quattordicesima edizionedi <b>Libri Come Festa del Libro e della Lettura<\/b> prodotta dalla <b>Fondazione Musica per Roma <\/b>e curata da <b>Marino Sinibaldi<\/b>,<b> Rosa Polacco <\/b>e<b> Michele De Mieri, <\/b>registrando<b> <\/b>un incremento del 20% di pubblico rispetto all\u2019edizione precedente.\u00a0<b><\/b>Sale gremite e tutti gli eventi sold out per questa edizione che ha visto al centro il tema del <b>Potere<\/b> declinato in tutte le sue forme e possibili interpretazioni.<\/p>\n<p>Tra gli innumerevoli scrittori accorsi da tutto il mondo per incontrare il pubblico dei lettori, degli studenti e degli appassionati <b>Ian Mc Ewan<\/b>, \u00a0<b>Emmanuel Carr\u00e8re<\/b>,<b> Javier Cercas<\/b>,<b> David Grossman<\/b>,<b> Daniel Pennac<\/b>,<b> Zarifa Ghafari<\/b>,<b> Hakan G\u03cbnday<\/b>,<b> Orlando Figes<\/b>,<b> Valerij Panju\u0161kin<\/b>,<b> Katja Petrowskaja<\/b>,<b> Philippe Sands<\/b>. Tra gli italiani<b> Niccol\u00f2 Ammaniti<\/b>,<b> Alessandro Barbero<\/b>,<b> Mauro Covacich<\/b>,<b> Paolo Giordano<\/b>,<b> Antonella Lattanzi<\/b>,<b> Loredana Lipperini<\/b>, <b>Francesca Mannocchi<\/b>,<b> Dacia Maraini<\/b>,<b> Melania Mazzucco<\/b>,<b> Daniele Mencarelli<\/b>, <b>Paolo Nori<\/b>,<b> Romana Petri<\/b>, <b>Francesco Piccolo<\/b>,<b> Rosella Postorino<\/b>,<b> Massimo Recalcati<\/b>,<b> Domenico Starnone<\/b>,<b> Walter Siti<\/b>,<b> Chiara Valerio<\/b>,<b> Sandro Veronesi<\/b>,<b> Zerocalcare<\/b>.<\/p>\n<p>\u00ab\u00c8 stata una edizione molto importante sia per il tema affrontato sia per il momento storico in cui \u00e8 stata proposta \u2013 dichiara <b>Daniele Pitteri<\/b>,\u00a0Amministratore Delegato della Fondazione Musica per Roma <b>\u2013 <\/b>e la grande partecipazione dei cittadini dimostra come \u00e8 sempre pi\u00f9 necessario che le istituzioni culturali stimolino la riflessione e il dibattito intorno ai grandi temi di attualit\u00e0 cercando di soddisfare la sempre pi\u00f9 urgente richiesta di risposte alle domande sul presente. La Fondazione Musica per Roma continua a perseguire questo obiettivo dando appuntamento gi\u00e0 ad aprile con il Festival delle Scienze e a maggio con Ethos Festa dell\u2019Etica pubblica\u00bb.<\/p>\n","protected":false},"excerpt":{"rendered":"Si chiude con 15.000 presenze la quattordicesima edizionedi Libri Come Festa del Libro e della Lettura prodotta dalla Fondazione Musica per Roma e curata da Marino Sinibaldi, Rosa Polacco e Michele De Mieri, registrando un incremento del 20% di pubblico rispetto all\u2019edizione precedente.\u00a0Sale gremite e tutti gli eventi sold out per questa edizione che ha [&hellip;]","protected":false},"author":24,"featured_media":5951,"comment_status":"open","ping_status":"open","sticky":false,"template":"","format":"standard","meta":{"_acf_changed":false,"inline_featured_image":false,"footnotes":""},"categories":[106],"tags":[197,196],"class_list":["post-5950","post","type-post","status-publish","format-standard","has-post-thumbnail","hentry","category-comunicati-stampa","tag-fondazione-musica-per-roma","tag-libri-come"],"acf":[],"yoast_head":"<!-- This site is optimized with the Yoast SEO plugin v22.6 - https:\/\/yoast.com\/wordpress\/plugins\/seo\/ -->\n<title>Si chiude con 15.000 presenze la quattordicesima edizione di Libri Come | Auditorium Parco della Musica Ennio Morricone<\/title>\n<meta name=\"description\" content=\"Si chiude con 15.000 presenze la quattordicesima edizionedi Libri Come Festa del Libro e della Lettura prodotta dalla Fondazione Musica per Roma.\" \/>\n<meta name=\"robots\" content=\"index, follow, max-snippet:-1, max-image-preview:large, max-video-preview:-1\" \/>\n<link rel=\"canonical\" href=\"https:\/\/www.auditorium.com\/it\/si-chiude-con-15-000-presenze-la-quattordicesima-edizione-di-libri-come\/\" \/>\n<meta property=\"og:locale\" content=\"it_IT\" \/>\n<meta property=\"og:type\" content=\"article\" \/>\n<meta property=\"og:title\" content=\"Si chiude con 15.000 presenze la quattordicesima edizione di Libri Come | Auditorium Parco della Musica Ennio Morricone\" \/>\n<meta property=\"og:description\" content=\"Si chiude con 15.000 presenze la quattordicesima edizionedi Libri Come Festa del Libro e della Lettura prodotta dalla Fondazione Musica per Roma.\" \/>\n<meta property=\"og:url\" content=\"https:\/\/www.auditorium.com\/it\/si-chiude-con-15-000-presenze-la-quattordicesima-edizione-di-libri-come\/\" \/>\n<meta property=\"og:site_name\" content=\"Auditorium Parco della Musica Ennio Morricone\" \/>\n<meta property=\"article:publisher\" content=\"https:\/\/www.facebook.com\/AuditoriumParcodellaMusica\" \/>\n<meta property=\"article:published_time\" content=\"2023-03-27T13:40:38+00:00\" \/>\n<meta property=\"article:modified_time\" content=\"2023-03-27T13:45:41+00:00\" \/>\n<meta property=\"og:image\" content=\"https:\/\/www.auditorium.com\/wp-content\/uploads\/2023\/03\/carrere-mannocchi-scaled.jpg\" \/>\n\t<meta property=\"og:image:width\" content=\"2560\" \/>\n\t<meta property=\"og:image:height\" content=\"1707\" \/>\n\t<meta property=\"og:image:type\" content=\"image\/jpeg\" \/>\n<meta name=\"author\" content=\"Emanuele Camilli\" \/>\n<meta name=\"twitter:card\" content=\"summary_large_image\" \/>\n<meta name=\"twitter:creator\" content=\"@auditoriumpdm\" \/>\n<meta name=\"twitter:site\" content=\"@auditoriumpdm\" \/>\n<meta name=\"twitter:label1\" content=\"Scritto da\" \/>\n\t<meta name=\"twitter:data1\" content=\"Emanuele Camilli\" \/>\n\t<meta name=\"twitter:label2\" content=\"Tempo di lettura stimato\" \/>\n\t<meta name=\"twitter:data2\" content=\"2 minuti\" \/>\n<script type=\"application\/ld+json\" class=\"yoast-schema-graph\">{\"@context\":\"https:\/\/schema.org\",\"@graph\":[{\"@type\":\"Article\",\"@id\":\"https:\/\/www.auditorium.com\/it\/si-chiude-con-15-000-presenze-la-quattordicesima-edizione-di-libri-come\/#article\",\"isPartOf\":{\"@id\":\"https:\/\/www.auditorium.com\/it\/si-chiude-con-15-000-presenze-la-quattordicesima-edizione-di-libri-come\/\"},\"author\":{\"name\":\"Emanuele Camilli\",\"@id\":\"https:\/\/www.auditorium.com\/it\/#\/schema\/person\/ba274ec0d3d9287cf6783059f90782d0\"},\"headline\":\"Si chiude con 15.000 presenze la quattordicesima edizione di Libri Come\",\"datePublished\":\"2023-03-27T13:40:38+00:00\",\"dateModified\":\"2023-03-27T13:45:41+00:00\",\"mainEntityOfPage\":{\"@id\":\"https:\/\/www.auditorium.com\/it\/si-chiude-con-15-000-presenze-la-quattordicesima-edizione-di-libri-come\/\"},\"wordCount\":268,\"commentCount\":0,\"publisher\":{\"@id\":\"https:\/\/www.auditorium.com\/it\/#organization\"},\"image\":{\"@id\":\"https:\/\/www.auditorium.com\/it\/si-chiude-con-15-000-presenze-la-quattordicesima-edizione-di-libri-come\/#primaryimage\"},\"thumbnailUrl\":\"https:\/\/www.auditorium.com\/wp-content\/uploads\/2023\/03\/carrere-mannocchi-scaled.jpg\",\"keywords\":[\"Fondazione Musica per Roma\",\"Libri Come\"],\"articleSection\":[\"Comunicati stampa\"],\"inLanguage\":\"it-IT\",\"potentialAction\":[{\"@type\":\"CommentAction\",\"name\":\"Comment\",\"target\":[\"https:\/\/www.auditorium.com\/it\/si-chiude-con-15-000-presenze-la-quattordicesima-edizione-di-libri-come\/#respond\"]}]},{\"@type\":\"WebPage\",\"@id\":\"https:\/\/www.auditorium.com\/it\/si-chiude-con-15-000-presenze-la-quattordicesima-edizione-di-libri-come\/\",\"url\":\"https:\/\/www.auditorium.com\/it\/si-chiude-con-15-000-presenze-la-quattordicesima-edizione-di-libri-come\/\",\"name\":\"Si chiude con 15.000 presenze la quattordicesima edizione di Libri Come | Auditorium Parco della Musica Ennio Morricone\",\"isPartOf\":{\"@id\":\"https:\/\/www.auditorium.com\/it\/#website\"},\"primaryImageOfPage\":{\"@id\":\"https:\/\/www.auditorium.com\/it\/si-chiude-con-15-000-presenze-la-quattordicesima-edizione-di-libri-come\/#primaryimage\"},\"image\":{\"@id\":\"https:\/\/www.auditorium.com\/it\/si-chiude-con-15-000-presenze-la-quattordicesima-edizione-di-libri-come\/#primaryimage\"},\"thumbnailUrl\":\"https:\/\/www.auditorium.com\/wp-content\/uploads\/2023\/03\/carrere-mannocchi-scaled.jpg\",\"datePublished\":\"2023-03-27T13:40:38+00:00\",\"dateModified\":\"2023-03-27T13:45:41+00:00\",\"description\":\"Si chiude con 15.000 presenze la quattordicesima edizionedi Libri Come Festa del Libro e della Lettura prodotta dalla Fondazione Musica per Roma.\",\"breadcrumb\":{\"@id\":\"https:\/\/www.auditorium.com\/it\/si-chiude-con-15-000-presenze-la-quattordicesima-edizione-di-libri-come\/#breadcrumb\"},\"inLanguage\":\"it-IT\",\"potentialAction\":[{\"@type\":\"ReadAction\",\"target\":[\"https:\/\/www.auditorium.com\/it\/si-chiude-con-15-000-presenze-la-quattordicesima-edizione-di-libri-come\/\"]}]},{\"@type\":\"ImageObject\",\"inLanguage\":\"it-IT\",\"@id\":\"https:\/\/www.auditorium.com\/it\/si-chiude-con-15-000-presenze-la-quattordicesima-edizione-di-libri-come\/#primaryimage\",\"url\":\"https:\/\/www.auditorium.com\/wp-content\/uploads\/2023\/03\/carrere-mannocchi-scaled.jpg\",\"contentUrl\":\"https:\/\/www.auditorium.com\/wp-content\/uploads\/2023\/03\/carrere-mannocchi-scaled.jpg\",\"width\":2560,\"height\":1707},{\"@type\":\"BreadcrumbList\",\"@id\":\"https:\/\/www.auditorium.com\/it\/si-chiude-con-15-000-presenze-la-quattordicesima-edizione-di-libri-come\/#breadcrumb\",\"itemListElement\":[{\"@type\":\"ListItem\",\"position\":1,\"name\":\"Home\",\"item\":\"https:\/\/www.auditorium.com\/it\/\"},{\"@type\":\"ListItem\",\"position\":2,\"name\":\"Si chiude con 15.000 presenze la quattordicesima edizione di Libri Come\"}]},{\"@type\":\"WebSite\",\"@id\":\"https:\/\/www.auditorium.com\/it\/#website\",\"url\":\"https:\/\/www.auditorium.com\/it\/\",\"name\":\"Auditorium Parco della Musica Ennio Morricone\",\"description\":\"Progettato da Renzo Piano, l&#039;Auditorium rappresenta una sofisticata architettura musicale e uno straordinario intervento di riqualificazione urbana.\",\"publisher\":{\"@id\":\"https:\/\/www.auditorium.com\/it\/#organization\"},\"potentialAction\":[{\"@type\":\"SearchAction\",\"target\":{\"@type\":\"EntryPoint\",\"urlTemplate\":\"https:\/\/www.auditorium.com\/it\/?s={search_term_string}\"},\"query-input\":\"required name=search_term_string\"}],\"inLanguage\":\"it-IT\"},{\"@type\":\"Organization\",\"@id\":\"https:\/\/www.auditorium.com\/it\/#organization\",\"name\":\"Auditorium Parco della Musica Ennio Morricone\",\"url\":\"https:\/\/www.auditorium.com\/it\/\",\"logo\":{\"@type\":\"ImageObject\",\"inLanguage\":\"it-IT\",\"@id\":\"https:\/\/www.auditorium.com\/it\/#\/schema\/logo\/image\/\",\"url\":\"https:\/\/www.auditorium.com\/wp-content\/uploads\/2022\/12\/logo-auditorium.svg\",\"contentUrl\":\"https:\/\/www.auditorium.com\/wp-content\/uploads\/2022\/12\/logo-auditorium.svg\",\"width\":86,\"height\":79,\"caption\":\"Auditorium Parco della Musica Ennio Morricone\"},\"image\":{\"@id\":\"https:\/\/www.auditorium.com\/it\/#\/schema\/logo\/image\/\"},\"sameAs\":[\"https:\/\/www.facebook.com\/AuditoriumParcodellaMusica\",\"https:\/\/x.com\/auditoriumpdm\",\"https:\/\/www.instagram.com\/auditoriumparcodellamusica\/\"]},{\"@type\":\"Person\",\"@id\":\"https:\/\/www.auditorium.com\/it\/#\/schema\/person\/ba274ec0d3d9287cf6783059f90782d0\",\"name\":\"Emanuele Camilli\",\"image\":{\"@type\":\"ImageObject\",\"inLanguage\":\"it-IT\",\"@id\":\"https:\/\/www.auditorium.com\/it\/#\/schema\/person\/image\/\",\"url\":\"https:\/\/secure.gravatar.com\/avatar\/36ef52337d799de5b15c62f9210a3f6319cb409a709fbdbaa1238e352e9298f7?s=96&d=mm&r=g\",\"contentUrl\":\"https:\/\/secure.gravatar.com\/avatar\/36ef52337d799de5b15c62f9210a3f6319cb409a709fbdbaa1238e352e9298f7?s=96&d=mm&r=g\",\"caption\":\"Emanuele Camilli\"}}]}<\/script>\n<!-- \/ Yoast SEO plugin. -->","yoast_head_json":{"title":"Si chiude con 15.000 presenze la quattordicesima edizione di Libri Come | Auditorium Parco della Musica Ennio Morricone","description":"Si chiude con 15.000 presenze la quattordicesima edizionedi Libri Come Festa del Libro e della Lettura prodotta dalla Fondazione Musica per Roma.","robots":{"index":"index","follow":"follow","max-snippet":"max-snippet:-1","max-image-preview":"max-image-preview:large","max-video-preview":"max-video-preview:-1"},"canonical":"https:\/\/www.auditorium.com\/it\/si-chiude-con-15-000-presenze-la-quattordicesima-edizione-di-libri-come\/","og_locale":"it_IT","og_type":"article","og_title":"Si chiude con 15.000 presenze la quattordicesima edizione di Libri Come | Auditorium Parco della Musica Ennio Morricone","og_description":"Si chiude con 15.000 presenze la quattordicesima edizionedi Libri Come Festa del Libro e della Lettura prodotta dalla Fondazione Musica per Roma.","og_url":"https:\/\/www.auditorium.com\/it\/si-chiude-con-15-000-presenze-la-quattordicesima-edizione-di-libri-come\/","og_site_name":"Auditorium Parco della Musica Ennio Morricone","article_publisher":"https:\/\/www.facebook.com\/AuditoriumParcodellaMusica","article_published_time":"2023-03-27T13:40:38+00:00","article_modified_time":"2023-03-27T13:45:41+00:00","og_image":[{"width":2560,"height":1707,"url":"https:\/\/www.auditorium.com\/wp-content\/uploads\/2023\/03\/carrere-mannocchi-scaled.jpg","type":"image\/jpeg"}],"author":"Emanuele Camilli","twitter_card":"summary_large_image","twitter_creator":"@auditoriumpdm","twitter_site":"@auditoriumpdm","twitter_misc":{"Scritto da":"Emanuele Camilli","Tempo di lettura stimato":"2 minuti"},"schema":{"@context":"https:\/\/schema.org","@graph":[{"@type":"Article","@id":"https:\/\/www.auditorium.com\/it\/si-chiude-con-15-000-presenze-la-quattordicesima-edizione-di-libri-come\/#article","isPartOf":{"@id":"https:\/\/www.auditorium.com\/it\/si-chiude-con-15-000-presenze-la-quattordicesima-edizione-di-libri-come\/"},"author":{"name":"Emanuele Camilli","@id":"https:\/\/www.auditorium.com\/it\/#\/schema\/person\/ba274ec0d3d9287cf6783059f90782d0"},"headline":"Si chiude con 15.000 presenze la quattordicesima edizione di Libri Come","datePublished":"2023-03-27T13:40:38+00:00","dateModified":"2023-03-27T13:45:41+00:00","mainEntityOfPage":{"@id":"https:\/\/www.auditorium.com\/it\/si-chiude-con-15-000-presenze-la-quattordicesima-edizione-di-libri-come\/"},"wordCount":268,"commentCount":0,"publisher":{"@id":"https:\/\/www.auditorium.com\/it\/#organization"},"image":{"@id":"https:\/\/www.auditorium.com\/it\/si-chiude-con-15-000-presenze-la-quattordicesima-edizione-di-libri-come\/#primaryimage"},"thumbnailUrl":"https:\/\/www.auditorium.com\/wp-content\/uploads\/2023\/03\/carrere-mannocchi-scaled.jpg","keywords":["Fondazione Musica per Roma","Libri Come"],"articleSection":["Comunicati stampa"],"inLanguage":"it-IT","potentialAction":[{"@type":"CommentAction","name":"Comment","target":["https:\/\/www.auditorium.com\/it\/si-chiude-con-15-000-presenze-la-quattordicesima-edizione-di-libri-come\/#respond"]}]},{"@type":"WebPage","@id":"https:\/\/www.auditorium.com\/it\/si-chiude-con-15-000-presenze-la-quattordicesima-edizione-di-libri-come\/","url":"https:\/\/www.auditorium.com\/it\/si-chiude-con-15-000-presenze-la-quattordicesima-edizione-di-libri-come\/","name":"Si chiude con 15.000 presenze la quattordicesima edizione di Libri Come | Auditorium Parco della Musica Ennio Morricone","isPartOf":{"@id":"https:\/\/www.auditorium.com\/it\/#website"},"primaryImageOfPage":{"@id":"https:\/\/www.auditorium.com\/it\/si-chiude-con-15-000-presenze-la-quattordicesima-edizione-di-libri-come\/#primaryimage"},"image":{"@id":"https:\/\/www.auditorium.com\/it\/si-chiude-con-15-000-presenze-la-quattordicesima-edizione-di-libri-come\/#primaryimage"},"thumbnailUrl":"https:\/\/www.auditorium.com\/wp-content\/uploads\/2023\/03\/carrere-mannocchi-scaled.jpg","datePublished":"2023-03-27T13:40:38+00:00","dateModified":"2023-03-27T13:45:41+00:00","description":"Si chiude con 15.000 presenze la quattordicesima edizionedi Libri Come Festa del Libro e della Lettura prodotta dalla Fondazione Musica per Roma.","breadcrumb":{"@id":"https:\/\/www.auditorium.com\/it\/si-chiude-con-15-000-presenze-la-quattordicesima-edizione-di-libri-come\/#breadcrumb"},"inLanguage":"it-IT","potentialAction":[{"@type":"ReadAction","target":["https:\/\/www.auditorium.com\/it\/si-chiude-con-15-000-presenze-la-quattordicesima-edizione-di-libri-come\/"]}]},{"@type":"ImageObject","inLanguage":"it-IT","@id":"https:\/\/www.auditorium.com\/it\/si-chiude-con-15-000-presenze-la-quattordicesima-edizione-di-libri-come\/#primaryimage","url":"https:\/\/www.auditorium.com\/wp-content\/uploads\/2023\/03\/carrere-mannocchi-scaled.jpg","contentUrl":"https:\/\/www.auditorium.com\/wp-content\/uploads\/2023\/03\/carrere-mannocchi-scaled.jpg","width":2560,"height":1707},{"@type":"BreadcrumbList","@id":"https:\/\/www.auditorium.com\/it\/si-chiude-con-15-000-presenze-la-quattordicesima-edizione-di-libri-come\/#breadcrumb","itemListElement":[{"@type":"ListItem","position":1,"name":"Home","item":"https:\/\/www.auditorium.com\/it\/"},{"@type":"ListItem","position":2,"name":"Si chiude con 15.000 presenze la quattordicesima edizione di Libri Come"}]},{"@type":"WebSite","@id":"https:\/\/www.auditorium.com\/it\/#website","url":"https:\/\/www.auditorium.com\/it\/","name":"Auditorium Parco della Musica Ennio Morricone","description":"Progettato da Renzo Piano, l&#039;Auditorium rappresenta una sofisticata architettura musicale e uno straordinario intervento di riqualificazione urbana.","publisher":{"@id":"https:\/\/www.auditorium.com\/it\/#organization"},"potentialAction":[{"@type":"SearchAction","target":{"@type":"EntryPoint","urlTemplate":"https:\/\/www.auditorium.com\/it\/?s={search_term_string}"},"query-input":"required name=search_term_string"}],"inLanguage":"it-IT"},{"@type":"Organization","@id":"https:\/\/www.auditorium.com\/it\/#organization","name":"Auditorium Parco della Musica Ennio Morricone","url":"https:\/\/www.auditorium.com\/it\/","logo":{"@type":"ImageObject","inLanguage":"it-IT","@id":"https:\/\/www.auditorium.com\/it\/#\/schema\/logo\/image\/","url":"https:\/\/www.auditorium.com\/wp-content\/uploads\/2022\/12\/logo-auditorium.svg","contentUrl":"https:\/\/www.auditorium.com\/wp-content\/uploads\/2022\/12\/logo-auditorium.svg","width":86,"height":79,"caption":"Auditorium Parco della Musica Ennio Morricone"},"image":{"@id":"https:\/\/www.auditorium.com\/it\/#\/schema\/logo\/image\/"},"sameAs":["https:\/\/www.facebook.com\/AuditoriumParcodellaMusica","https:\/\/x.com\/auditoriumpdm","https:\/\/www.instagram.com\/auditoriumparcodellamusica\/"]},{"@type":"Person","@id":"https:\/\/www.auditorium.com\/it\/#\/schema\/person\/ba274ec0d3d9287cf6783059f90782d0","name":"Emanuele Camilli","image":{"@type":"ImageObject","inLanguage":"it-IT","@id":"https:\/\/www.auditorium.com\/it\/#\/schema\/person\/image\/","url":"https:\/\/secure.gravatar.com\/avatar\/36ef52337d799de5b15c62f9210a3f6319cb409a709fbdbaa1238e352e9298f7?s=96&d=mm&r=g","contentUrl":"https:\/\/secure.gravatar.com\/avatar\/36ef52337d799de5b15c62f9210a3f6319cb409a709fbdbaa1238e352e9298f7?s=96&d=mm&r=g","caption":"Emanuele Camilli"}}]}},"_links":{"self":[{"href":"https:\/\/www.auditorium.com\/it\/wp-json\/wp\/v2\/posts\/5950","targetHints":{"allow":["GET"]}}],"collection":[{"href":"https:\/\/www.auditorium.com\/it\/wp-json\/wp\/v2\/posts"}],"about":[{"href":"https:\/\/www.auditorium.com\/it\/wp-json\/wp\/v2\/types\/post"}],"author":[{"embeddable":true,"href":"https:\/\/www.auditorium.com\/it\/wp-json\/wp\/v2\/users\/24"}],"replies":[{"embeddable":true,"href":"https:\/\/www.auditorium.com\/it\/wp-json\/wp\/v2\/comments?post=5950"}],"version-history":[{"count":4,"href":"https:\/\/www.auditorium.com\/it\/wp-json\/wp\/v2\/posts\/5950\/revisions"}],"predecessor-version":[{"id":5956,"href":"https:\/\/www.auditorium.com\/it\/wp-json\/wp\/v2\/posts\/5950\/revisions\/5956"}],"wp:featuredmedia":[{"embeddable":true,"href":"https:\/\/www.auditorium.com\/it\/wp-json\/wp\/v2\/media\/5951"}],"wp:attachment":[{"href":"https:\/\/www.auditorium.com\/it\/wp-json\/wp\/v2\/media?parent=5950"}],"wp:term":[{"taxonomy":"category","embeddable":true,"href":"https:\/\/www.auditorium.com\/it\/wp-json\/wp\/v2\/categories?post=5950"},{"taxonomy":"post_tag","embeddable":true,"href":"https:\/\/www.auditorium.com\/it\/wp-json\/wp\/v2\/tags?post=5950"}],"curies":[{"name":"wp","href":"https:\/\/api.w.org\/{rel}","templated":true}]}}