{"id":48980,"date":"2026-08-31T11:23:52","date_gmt":"2026-08-31T10:23:52","guid":{"rendered":"https:\/\/www.auditorium.com\/?p=48980"},"modified":"2026-08-31T11:23:52","modified_gmt":"2026-08-31T10:23:52","slug":"audizioni-jazz-campus-orchestra-domenica-20-settembre","status":"publish","type":"post","link":"https:\/\/www.auditorium.com\/it\/audizioni-jazz-campus-orchestra-domenica-20-settembre\/","title":{"rendered":"Audizioni Jazz Campus Orchestra &#8211; domenica 20 settembre"},"content":{"rendered":"<p style=\"text-align: center;\"><strong>Jazz Campus Orchestra 2026\u20132027<\/strong><\/p>\n<p style=\"text-align: center;\"><strong>Audizioni | Domenica 20 settembre 2026, dalle ore 10.30 alle 13.30<br \/>\nAuditorium Parco della Musica Ennio Morricone |Studio 2<\/strong><\/p>\n<p style=\"text-align: center;\"><strong>Iscrizioni entro luned\u00ec 14 settembre 2026<\/strong><\/p>\n<p style=\"text-align: center;\"><strong><u>CERCHIAMO<\/u><\/strong><\/p>\n<p style=\"text-align: center;\"><strong>TROMBA, TROMBONE, SASSOFONO, CLARINETTO, FLAUTO, FAGOTTO, CORNO,<br \/>\nVIOLINO E VIOLONCELLO, CONTRABBASSO\/BASSO, VOCE<\/strong><\/p>\n<p style=\"text-align: center;\"><strong>Per informazioni e iscrizioni scrivi a: educational@musicaperroma.it\u00a0<\/strong><\/p>\n<p>La <strong>Jazz Campus Orchestra<\/strong> \u00e8 un progetto musicale, educativo e collettivo della <strong>Fondazione Musica per Roma<\/strong>, diretto dal <strong>Maestro Massimo Nunzi<\/strong>, rivolto a bambine, bambini, ragazze e ragazzi <strong>dagli 8 ai 25 anni<\/strong>.<br \/>\nNasce nel novembre 2019 con la volont\u00e0 di sviluppare l&#8217;interesse nei confronti della musica jazz, della sua storia e del suo linguaggio, in un percorso divertente e appassionante.<br \/>\nIl progetto accompagna i ragazzi nella crescita musicale, artistica e personale attraverso l\u2019esperienza dell\u2019orchestra, dell\u2019improvvisazione, dell\u2019ascolto, della composizione e della collaborazione.<br \/>\nHa al suo attivo gi\u00e0 diverse esibizioni in contesti istituzionali e prestigiosi festival musicali e si \u00e8 recentemente esibita alla presenza del Presidente della Repubblica.<br \/>\nPartecipare alla Jazz Campus Orchestra significa entrare in una comunit\u00e0 musicale nella quale libert\u00e0 creativa, responsabilit\u00e0 individuale, disciplina, ascolto reciproco e dimensione collettiva convivono.<\/p>\n<p><strong>Ti aspettiamo!<\/strong><\/p>\n<p><strong>\u00a0<\/strong><\/p>\n<p>&nbsp;<\/p>\n","protected":false},"excerpt":{"rendered":"Jazz Campus Orchestra 2026\u20132027 Audizioni | Domenica 20 settembre 2026, dalle ore 10.30 alle 13.30 Auditorium Parco della Musica Ennio Morricone |Studio 2 Iscrizioni entro luned\u00ec 14 settembre 2026 CERCHIAMO TROMBA, TROMBONE, SASSOFONO, CLARINETTO, FLAUTO, FAGOTTO, CORNO, VIOLINO E VIOLONCELLO, CONTRABBASSO\/BASSO, VOCE Per informazioni e iscrizioni scrivi a: educational@musicaperroma.it\u00a0 La Jazz Campus Orchestra \u00e8 un [&hellip;]","protected":false},"author":1438,"featured_media":48981,"comment_status":"open","ping_status":"open","sticky":false,"template":"","format":"standard","meta":{"_acf_changed":false,"inline_featured_image":false,"footnotes":""},"categories":[231],"tags":[],"class_list":["post-48980","post","type-post","status-publish","format-standard","has-post-thumbnail","hentry","category-news"],"acf":[],"yoast_head":"<!-- This site is optimized with the Yoast SEO plugin v27.5 - https:\/\/yoast.com\/product\/yoast-seo-wordpress\/ -->\n<title>Audizioni Jazz Campus Orchestra - domenica 20 settembre | Auditorium Parco della Musica Ennio Morricone<\/title>\n<meta name=\"robots\" content=\"index, follow, max-snippet:-1, max-image-preview:large, max-video-preview:-1\" \/>\n<link rel=\"canonical\" href=\"https:\/\/www.auditorium.com\/it\/audizioni-jazz-campus-orchestra-domenica-20-settembre\/\" \/>\n<meta property=\"og:locale\" content=\"it_IT\" \/>\n<meta property=\"og:type\" content=\"article\" \/>\n<meta property=\"og:title\" content=\"Audizioni Jazz Campus Orchestra - domenica 20 settembre | Auditorium Parco della Musica Ennio Morricone\" \/>\n<meta property=\"og:description\" content=\"Jazz Campus Orchestra 2026\u20132027 Audizioni | Domenica 20 settembre 2026, dalle ore 10.30 alle 13.30 Auditorium Parco della Musica Ennio Morricone |Studio 2 Iscrizioni entro luned\u00ec 14 settembre 2026 CERCHIAMO TROMBA, TROMBONE, SASSOFONO, CLARINETTO, FLAUTO, FAGOTTO, CORNO, VIOLINO E VIOLONCELLO, CONTRABBASSO\/BASSO, VOCE Per informazioni e iscrizioni scrivi a: educational@musicaperroma.it\u00a0 La Jazz Campus Orchestra \u00e8 un [&hellip;]\" \/>\n<meta property=\"og:url\" content=\"https:\/\/www.auditorium.com\/it\/audizioni-jazz-campus-orchestra-domenica-20-settembre\/\" \/>\n<meta property=\"og:site_name\" content=\"Auditorium Parco della Musica Ennio Morricone\" \/>\n<meta property=\"article:publisher\" content=\"https:\/\/www.facebook.com\/AuditoriumParcodellaMusica\" \/>\n<meta property=\"article:published_time\" content=\"2026-08-31T10:23:52+00:00\" \/>\n<meta property=\"og:image\" content=\"https:\/\/www.auditorium.com\/wp-content\/uploads\/2026\/08\/JCO.jpg\" \/>\n\t<meta property=\"og:image:width\" content=\"2560\" \/>\n\t<meta property=\"og:image:height\" content=\"1707\" \/>\n\t<meta property=\"og:image:type\" content=\"image\/jpeg\" \/>\n<meta name=\"author\" content=\"Noemi Quarantelli\" \/>\n<meta name=\"twitter:card\" content=\"summary_large_image\" \/>\n<meta name=\"twitter:creator\" content=\"@auditoriumpdm\" \/>\n<meta name=\"twitter:site\" content=\"@auditoriumpdm\" \/>\n<meta name=\"twitter:label1\" content=\"Scritto da\" \/>\n\t<meta name=\"twitter:data1\" content=\"Noemi Quarantelli\" \/>\n\t<meta name=\"twitter:label2\" content=\"Tempo di lettura stimato\" \/>\n\t<meta name=\"twitter:data2\" content=\"2 minuti\" \/>\n<script type=\"application\/ld+json\" class=\"yoast-schema-graph\">{\"@context\":\"https:\\\/\\\/schema.org\",\"@graph\":[{\"@type\":\"Article\",\"@id\":\"https:\\\/\\\/www.auditorium.com\\\/it\\\/audizioni-jazz-campus-orchestra-domenica-20-settembre\\\/#article\",\"isPartOf\":{\"@id\":\"https:\\\/\\\/www.auditorium.com\\\/it\\\/audizioni-jazz-campus-orchestra-domenica-20-settembre\\\/\"},\"author\":{\"name\":\"Noemi Quarantelli\",\"@id\":\"https:\\\/\\\/www.auditorium.com\\\/it\\\/#\\\/schema\\\/person\\\/384cfe54b3bef1764fed020037a15ead\"},\"headline\":\"Audizioni Jazz Campus Orchestra &#8211; domenica 20 settembre\",\"datePublished\":\"2026-08-31T10:23:52+00:00\",\"mainEntityOfPage\":{\"@id\":\"https:\\\/\\\/www.auditorium.com\\\/it\\\/audizioni-jazz-campus-orchestra-domenica-20-settembre\\\/\"},\"wordCount\":184,\"commentCount\":0,\"publisher\":{\"@id\":\"https:\\\/\\\/www.auditorium.com\\\/it\\\/#organization\"},\"image\":{\"@id\":\"https:\\\/\\\/www.auditorium.com\\\/it\\\/audizioni-jazz-campus-orchestra-domenica-20-settembre\\\/#primaryimage\"},\"thumbnailUrl\":\"https:\\\/\\\/www.auditorium.com\\\/wp-content\\\/uploads\\\/2026\\\/08\\\/JCO.jpg\",\"articleSection\":[\"News\"],\"inLanguage\":\"it-IT\",\"potentialAction\":[{\"@type\":\"CommentAction\",\"name\":\"Comment\",\"target\":[\"https:\\\/\\\/www.auditorium.com\\\/it\\\/audizioni-jazz-campus-orchestra-domenica-20-settembre\\\/#respond\"]}]},{\"@type\":\"WebPage\",\"@id\":\"https:\\\/\\\/www.auditorium.com\\\/it\\\/audizioni-jazz-campus-orchestra-domenica-20-settembre\\\/\",\"url\":\"https:\\\/\\\/www.auditorium.com\\\/it\\\/audizioni-jazz-campus-orchestra-domenica-20-settembre\\\/\",\"name\":\"Audizioni Jazz Campus Orchestra - domenica 20 settembre | Auditorium Parco della Musica Ennio Morricone\",\"isPartOf\":{\"@id\":\"https:\\\/\\\/www.auditorium.com\\\/it\\\/#website\"},\"primaryImageOfPage\":{\"@id\":\"https:\\\/\\\/www.auditorium.com\\\/it\\\/audizioni-jazz-campus-orchestra-domenica-20-settembre\\\/#primaryimage\"},\"image\":{\"@id\":\"https:\\\/\\\/www.auditorium.com\\\/it\\\/audizioni-jazz-campus-orchestra-domenica-20-settembre\\\/#primaryimage\"},\"thumbnailUrl\":\"https:\\\/\\\/www.auditorium.com\\\/wp-content\\\/uploads\\\/2026\\\/08\\\/JCO.jpg\",\"datePublished\":\"2026-08-31T10:23:52+00:00\",\"breadcrumb\":{\"@id\":\"https:\\\/\\\/www.auditorium.com\\\/it\\\/audizioni-jazz-campus-orchestra-domenica-20-settembre\\\/#breadcrumb\"},\"inLanguage\":\"it-IT\",\"potentialAction\":[{\"@type\":\"ReadAction\",\"target\":[\"https:\\\/\\\/www.auditorium.com\\\/it\\\/audizioni-jazz-campus-orchestra-domenica-20-settembre\\\/\"]}]},{\"@type\":\"ImageObject\",\"inLanguage\":\"it-IT\",\"@id\":\"https:\\\/\\\/www.auditorium.com\\\/it\\\/audizioni-jazz-campus-orchestra-domenica-20-settembre\\\/#primaryimage\",\"url\":\"https:\\\/\\\/www.auditorium.com\\\/wp-content\\\/uploads\\\/2026\\\/08\\\/JCO.jpg\",\"contentUrl\":\"https:\\\/\\\/www.auditorium.com\\\/wp-content\\\/uploads\\\/2026\\\/08\\\/JCO.jpg\",\"width\":2560,\"height\":1707},{\"@type\":\"BreadcrumbList\",\"@id\":\"https:\\\/\\\/www.auditorium.com\\\/it\\\/audizioni-jazz-campus-orchestra-domenica-20-settembre\\\/#breadcrumb\",\"itemListElement\":[{\"@type\":\"ListItem\",\"position\":1,\"name\":\"Home\",\"item\":\"https:\\\/\\\/www.auditorium.com\\\/it\\\/\"},{\"@type\":\"ListItem\",\"position\":2,\"name\":\"Audizioni Jazz Campus Orchestra &#8211; domenica 20 settembre\"}]},{\"@type\":\"WebSite\",\"@id\":\"https:\\\/\\\/www.auditorium.com\\\/it\\\/#website\",\"url\":\"https:\\\/\\\/www.auditorium.com\\\/it\\\/\",\"name\":\"Auditorium Parco della Musica Ennio Morricone\",\"description\":\"Progettato da Renzo Piano, l&#039;Auditorium rappresenta una sofisticata architettura musicale e uno straordinario intervento di riqualificazione urbana.\",\"publisher\":{\"@id\":\"https:\\\/\\\/www.auditorium.com\\\/it\\\/#organization\"},\"potentialAction\":[{\"@type\":\"SearchAction\",\"target\":{\"@type\":\"EntryPoint\",\"urlTemplate\":\"https:\\\/\\\/www.auditorium.com\\\/it\\\/?s={search_term_string}\"},\"query-input\":{\"@type\":\"PropertyValueSpecification\",\"valueRequired\":true,\"valueName\":\"search_term_string\"}}],\"inLanguage\":\"it-IT\"},{\"@type\":\"Organization\",\"@id\":\"https:\\\/\\\/www.auditorium.com\\\/it\\\/#organization\",\"name\":\"Auditorium Parco della Musica Ennio Morricone\",\"url\":\"https:\\\/\\\/www.auditorium.com\\\/it\\\/\",\"logo\":{\"@type\":\"ImageObject\",\"inLanguage\":\"it-IT\",\"@id\":\"https:\\\/\\\/www.auditorium.com\\\/it\\\/#\\\/schema\\\/logo\\\/image\\\/\",\"url\":\"https:\\\/\\\/www.auditorium.com\\\/wp-content\\\/uploads\\\/2022\\\/12\\\/logo-auditorium.svg\",\"contentUrl\":\"https:\\\/\\\/www.auditorium.com\\\/wp-content\\\/uploads\\\/2022\\\/12\\\/logo-auditorium.svg\",\"width\":86,\"height\":79,\"caption\":\"Auditorium Parco della Musica Ennio Morricone\"},\"image\":{\"@id\":\"https:\\\/\\\/www.auditorium.com\\\/it\\\/#\\\/schema\\\/logo\\\/image\\\/\"},\"sameAs\":[\"https:\\\/\\\/www.facebook.com\\\/AuditoriumParcodellaMusica\",\"https:\\\/\\\/x.com\\\/auditoriumpdm\",\"https:\\\/\\\/www.instagram.com\\\/auditoriumparcodellamusica\\\/\"]},{\"@type\":\"Person\",\"@id\":\"https:\\\/\\\/www.auditorium.com\\\/it\\\/#\\\/schema\\\/person\\\/384cfe54b3bef1764fed020037a15ead\",\"name\":\"Noemi Quarantelli\",\"image\":{\"@type\":\"ImageObject\",\"inLanguage\":\"it-IT\",\"@id\":\"https:\\\/\\\/secure.gravatar.com\\\/avatar\\\/c8b62afea97020a2cd289c57812f9c722d729f924a0852554c242c27ff349893?s=96&d=mm&r=g\",\"url\":\"https:\\\/\\\/secure.gravatar.com\\\/avatar\\\/c8b62afea97020a2cd289c57812f9c722d729f924a0852554c242c27ff349893?s=96&d=mm&r=g\",\"contentUrl\":\"https:\\\/\\\/secure.gravatar.com\\\/avatar\\\/c8b62afea97020a2cd289c57812f9c722d729f924a0852554c242c27ff349893?s=96&d=mm&r=g\",\"caption\":\"Noemi Quarantelli\"}}]}<\/script>\n<!-- \/ Yoast SEO plugin. -->","yoast_head_json":{"title":"Audizioni Jazz Campus Orchestra - domenica 20 settembre | Auditorium Parco della Musica Ennio Morricone","robots":{"index":"index","follow":"follow","max-snippet":"max-snippet:-1","max-image-preview":"max-image-preview:large","max-video-preview":"max-video-preview:-1"},"canonical":"https:\/\/www.auditorium.com\/it\/audizioni-jazz-campus-orchestra-domenica-20-settembre\/","og_locale":"it_IT","og_type":"article","og_title":"Audizioni Jazz Campus Orchestra - domenica 20 settembre | Auditorium Parco della Musica Ennio Morricone","og_description":"Jazz Campus Orchestra 2026\u20132027 Audizioni | Domenica 20 settembre 2026, dalle ore 10.30 alle 13.30 Auditorium Parco della Musica Ennio Morricone |Studio 2 Iscrizioni entro luned\u00ec 14 settembre 2026 CERCHIAMO TROMBA, TROMBONE, SASSOFONO, CLARINETTO, FLAUTO, FAGOTTO, CORNO, VIOLINO E VIOLONCELLO, CONTRABBASSO\/BASSO, VOCE Per informazioni e iscrizioni scrivi a: educational@musicaperroma.it\u00a0 La Jazz Campus Orchestra \u00e8 un [&hellip;]","og_url":"https:\/\/www.auditorium.com\/it\/audizioni-jazz-campus-orchestra-domenica-20-settembre\/","og_site_name":"Auditorium Parco della Musica Ennio Morricone","article_publisher":"https:\/\/www.facebook.com\/AuditoriumParcodellaMusica","article_published_time":"2026-08-31T10:23:52+00:00","og_image":[{"width":2560,"height":1707,"url":"https:\/\/www.auditorium.com\/wp-content\/uploads\/2026\/08\/JCO.jpg","type":"image\/jpeg"}],"author":"Noemi Quarantelli","twitter_card":"summary_large_image","twitter_creator":"@auditoriumpdm","twitter_site":"@auditoriumpdm","twitter_misc":{"Scritto da":"Noemi Quarantelli","Tempo di lettura stimato":"2 minuti"},"schema":{"@context":"https:\/\/schema.org","@graph":[{"@type":"Article","@id":"https:\/\/www.auditorium.com\/it\/audizioni-jazz-campus-orchestra-domenica-20-settembre\/#article","isPartOf":{"@id":"https:\/\/www.auditorium.com\/it\/audizioni-jazz-campus-orchestra-domenica-20-settembre\/"},"author":{"name":"Noemi Quarantelli","@id":"https:\/\/www.auditorium.com\/it\/#\/schema\/person\/384cfe54b3bef1764fed020037a15ead"},"headline":"Audizioni Jazz Campus Orchestra &#8211; domenica 20 settembre","datePublished":"2026-08-31T10:23:52+00:00","mainEntityOfPage":{"@id":"https:\/\/www.auditorium.com\/it\/audizioni-jazz-campus-orchestra-domenica-20-settembre\/"},"wordCount":184,"commentCount":0,"publisher":{"@id":"https:\/\/www.auditorium.com\/it\/#organization"},"image":{"@id":"https:\/\/www.auditorium.com\/it\/audizioni-jazz-campus-orchestra-domenica-20-settembre\/#primaryimage"},"thumbnailUrl":"https:\/\/www.auditorium.com\/wp-content\/uploads\/2026\/08\/JCO.jpg","articleSection":["News"],"inLanguage":"it-IT","potentialAction":[{"@type":"CommentAction","name":"Comment","target":["https:\/\/www.auditorium.com\/it\/audizioni-jazz-campus-orchestra-domenica-20-settembre\/#respond"]}]},{"@type":"WebPage","@id":"https:\/\/www.auditorium.com\/it\/audizioni-jazz-campus-orchestra-domenica-20-settembre\/","url":"https:\/\/www.auditorium.com\/it\/audizioni-jazz-campus-orchestra-domenica-20-settembre\/","name":"Audizioni Jazz Campus Orchestra - domenica 20 settembre | Auditorium Parco della Musica Ennio Morricone","isPartOf":{"@id":"https:\/\/www.auditorium.com\/it\/#website"},"primaryImageOfPage":{"@id":"https:\/\/www.auditorium.com\/it\/audizioni-jazz-campus-orchestra-domenica-20-settembre\/#primaryimage"},"image":{"@id":"https:\/\/www.auditorium.com\/it\/audizioni-jazz-campus-orchestra-domenica-20-settembre\/#primaryimage"},"thumbnailUrl":"https:\/\/www.auditorium.com\/wp-content\/uploads\/2026\/08\/JCO.jpg","datePublished":"2026-08-31T10:23:52+00:00","breadcrumb":{"@id":"https:\/\/www.auditorium.com\/it\/audizioni-jazz-campus-orchestra-domenica-20-settembre\/#breadcrumb"},"inLanguage":"it-IT","potentialAction":[{"@type":"ReadAction","target":["https:\/\/www.auditorium.com\/it\/audizioni-jazz-campus-orchestra-domenica-20-settembre\/"]}]},{"@type":"ImageObject","inLanguage":"it-IT","@id":"https:\/\/www.auditorium.com\/it\/audizioni-jazz-campus-orchestra-domenica-20-settembre\/#primaryimage","url":"https:\/\/www.auditorium.com\/wp-content\/uploads\/2026\/08\/JCO.jpg","contentUrl":"https:\/\/www.auditorium.com\/wp-content\/uploads\/2026\/08\/JCO.jpg","width":2560,"height":1707},{"@type":"BreadcrumbList","@id":"https:\/\/www.auditorium.com\/it\/audizioni-jazz-campus-orchestra-domenica-20-settembre\/#breadcrumb","itemListElement":[{"@type":"ListItem","position":1,"name":"Home","item":"https:\/\/www.auditorium.com\/it\/"},{"@type":"ListItem","position":2,"name":"Audizioni Jazz Campus Orchestra &#8211; domenica 20 settembre"}]},{"@type":"WebSite","@id":"https:\/\/www.auditorium.com\/it\/#website","url":"https:\/\/www.auditorium.com\/it\/","name":"Auditorium Parco della Musica Ennio Morricone","description":"Progettato da Renzo Piano, l&#039;Auditorium rappresenta una sofisticata architettura musicale e uno straordinario intervento di riqualificazione urbana.","publisher":{"@id":"https:\/\/www.auditorium.com\/it\/#organization"},"potentialAction":[{"@type":"SearchAction","target":{"@type":"EntryPoint","urlTemplate":"https:\/\/www.auditorium.com\/it\/?s={search_term_string}"},"query-input":{"@type":"PropertyValueSpecification","valueRequired":true,"valueName":"search_term_string"}}],"inLanguage":"it-IT"},{"@type":"Organization","@id":"https:\/\/www.auditorium.com\/it\/#organization","name":"Auditorium Parco della Musica Ennio Morricone","url":"https:\/\/www.auditorium.com\/it\/","logo":{"@type":"ImageObject","inLanguage":"it-IT","@id":"https:\/\/www.auditorium.com\/it\/#\/schema\/logo\/image\/","url":"https:\/\/www.auditorium.com\/wp-content\/uploads\/2022\/12\/logo-auditorium.svg","contentUrl":"https:\/\/www.auditorium.com\/wp-content\/uploads\/2022\/12\/logo-auditorium.svg","width":86,"height":79,"caption":"Auditorium Parco della Musica Ennio Morricone"},"image":{"@id":"https:\/\/www.auditorium.com\/it\/#\/schema\/logo\/image\/"},"sameAs":["https:\/\/www.facebook.com\/AuditoriumParcodellaMusica","https:\/\/x.com\/auditoriumpdm","https:\/\/www.instagram.com\/auditoriumparcodellamusica\/"]},{"@type":"Person","@id":"https:\/\/www.auditorium.com\/it\/#\/schema\/person\/384cfe54b3bef1764fed020037a15ead","name":"Noemi Quarantelli","image":{"@type":"ImageObject","inLanguage":"it-IT","@id":"https:\/\/secure.gravatar.com\/avatar\/c8b62afea97020a2cd289c57812f9c722d729f924a0852554c242c27ff349893?s=96&d=mm&r=g","url":"https:\/\/secure.gravatar.com\/avatar\/c8b62afea97020a2cd289c57812f9c722d729f924a0852554c242c27ff349893?s=96&d=mm&r=g","contentUrl":"https:\/\/secure.gravatar.com\/avatar\/c8b62afea97020a2cd289c57812f9c722d729f924a0852554c242c27ff349893?s=96&d=mm&r=g","caption":"Noemi Quarantelli"}}]}},"_links":{"self":[{"href":"https:\/\/www.auditorium.com\/it\/wp-json\/wp\/v2\/posts\/48980","targetHints":{"allow":["GET"]}}],"collection":[{"href":"https:\/\/www.auditorium.com\/it\/wp-json\/wp\/v2\/posts"}],"about":[{"href":"https:\/\/www.auditorium.com\/it\/wp-json\/wp\/v2\/types\/post"}],"author":[{"embeddable":true,"href":"https:\/\/www.auditorium.com\/it\/wp-json\/wp\/v2\/users\/1438"}],"replies":[{"embeddable":true,"href":"https:\/\/www.auditorium.com\/it\/wp-json\/wp\/v2\/comments?post=48980"}],"version-history":[{"count":3,"href":"https:\/\/www.auditorium.com\/it\/wp-json\/wp\/v2\/posts\/48980\/revisions"}],"predecessor-version":[{"id":48988,"href":"https:\/\/www.auditorium.com\/it\/wp-json\/wp\/v2\/posts\/48980\/revisions\/48988"}],"wp:featuredmedia":[{"embeddable":true,"href":"https:\/\/www.auditorium.com\/it\/wp-json\/wp\/v2\/media\/48981"}],"wp:attachment":[{"href":"https:\/\/www.auditorium.com\/it\/wp-json\/wp\/v2\/media?parent=48980"}],"wp:term":[{"taxonomy":"category","embeddable":true,"href":"https:\/\/www.auditorium.com\/it\/wp-json\/wp\/v2\/categories?post=48980"},{"taxonomy":"post_tag","embeddable":true,"href":"https:\/\/www.auditorium.com\/it\/wp-json\/wp\/v2\/tags?post=48980"}],"curies":[{"name":"wp","href":"https:\/\/api.w.org\/{rel}","templated":true}]}}