{"id":46133,"date":"2026-04-29T08:51:23","date_gmt":"2026-04-29T07:51:23","guid":{"rendered":"https:\/\/www.auditorium.com\/?p=46133"},"modified":"2026-04-29T08:51:23","modified_gmt":"2026-04-29T07:51:23","slug":"international-jazz-day-2026-_-il-concerto-della-jazz-campus-orchestra-in-diretta-streaming-per-le-scuole","status":"publish","type":"post","link":"https:\/\/www.auditorium.com\/it\/international-jazz-day-2026-_-il-concerto-della-jazz-campus-orchestra-in-diretta-streaming-per-le-scuole\/","title":{"rendered":"International Jazz Day 2026 _ Il concerto della Jazz Campus Orchestra in diretta streaming per le scuole"},"content":{"rendered":"<p>Torna l\u2019<strong>International Jazz Day Roma 2026<\/strong> promosso dall\u2019Associazione nazionale <strong>Il Jazz Va a Scuola<\/strong> e da <strong>Fondazione Musica per Roma<\/strong>, con la direzione artistica di <strong>Geg\u00e8 Telesforo<\/strong> e <strong>Paolo Fresu<\/strong>. Protagonisti i giovani e le giovani della <strong>Jazz Campus Orchestra<\/strong> diretta da <strong>Massimo Nunzi<\/strong>, progetto che valorizza le nuove generazioni del jazz.<\/p>\n<p>&nbsp;<\/p>\n<p style=\"text-align: center;\"><strong>Matin\u00e9e riservato alle scuole<\/strong><\/p>\n<p style=\"text-align: center;\"><strong>ore 11.30-12.30<\/strong><\/p>\n<p style=\"text-align: center;\"><strong>Teatro Studio Gianni Borgna<\/strong><\/p>\n<p style=\"text-align: center;\"><strong>Jazz Campus Orchestra <\/strong>diretta da\u00a0<strong>Massimo Nunzi<\/strong><\/p>\n<p style=\"text-align: center;\">in<\/p>\n<p style=\"text-align: center;\"><strong>\u201cPiccola storia tascabile del jazz\u201d<\/strong><\/p>\n<p>&nbsp;<\/p>\n<p>Una sintesi della\u00a0<strong>storia del jazz<\/strong>\u00a0raccontata e suonata dalle ragazze e dai ragazzi della Jazz Campus Orchestra, per comprendere come \u00e8 nato e come si \u00e8 sviluppato uno dei generi che hanno segnato e cambiato la storia della musica, diventando il linguaggio pi\u00f9 travolgente del XX secolo e della contemporaneit\u00e0.<\/p>\n<p>\u201c<em>Piccola storia tascabile del jazz<\/em>\u201d \u00e8 un\u00a0<strong>evento gratuito\u00a0<\/strong>e<strong>\u00a0dedicato alle scuole\u00a0<\/strong>e sar\u00e0 possibile, per le istituzioni del territorio nazionale, seguirlo anche via streaming collegandosi a questo link:<\/p>\n<p><a href=\"https:\/\/www.youtube.com\/live\/mZqP1OzG4I8\">https:\/\/www.youtube.com\/live\/mZqP1OzG4I8<\/a><\/p>\n<p>Per maggiori informazioni e prenotare il collegamento inviare una mail a\u00a0<a href=\"mailto:educational@musicaperroma.it\">educational@musicaperroma.it<\/a>\u00a0e\u00a0<a href=\"mailto:iljazzvascuola@gmail.com\">iljazzvascuola@gmail.com<\/a>.<\/p>\n<p>&nbsp;<\/p>\n<p>Evento realizzato con in collaborazione con MIM &#8211; Ministero dell\u2019Istruzione e del Merito, Fondazione Una Nessuna Centomila e Groove Master Edition, grazie al contributo di SIAE, patrocinio UNESCO, con il sostegno di Arci Bologna, Pannonica.<\/p>\n","protected":false},"excerpt":{"rendered":"Torna l\u2019International Jazz Day Roma 2026 promosso dall\u2019Associazione nazionale Il Jazz Va a Scuola e da Fondazione Musica per Roma, con la direzione artistica di Geg\u00e8 Telesforo e Paolo Fresu. Protagonisti i giovani e le giovani della Jazz Campus Orchestra diretta da Massimo Nunzi, progetto che valorizza le nuove generazioni del jazz. &nbsp; Matin\u00e9e riservato [&hellip;]","protected":false},"author":1438,"featured_media":45677,"comment_status":"open","ping_status":"open","sticky":false,"template":"","format":"standard","meta":{"_acf_changed":false,"inline_featured_image":false,"footnotes":""},"categories":[231],"tags":[],"class_list":["post-46133","post","type-post","status-publish","format-standard","has-post-thumbnail","hentry","category-news"],"acf":[],"yoast_head":"<!-- This site is optimized with the Yoast SEO plugin v22.6 - https:\/\/yoast.com\/wordpress\/plugins\/seo\/ -->\n<title>International Jazz Day 2026 _ Il concerto della Jazz Campus Orchestra in diretta streaming per le scuole | Auditorium Parco della Musica Ennio Morricone<\/title>\n<meta name=\"robots\" content=\"index, follow, max-snippet:-1, max-image-preview:large, max-video-preview:-1\" \/>\n<link rel=\"canonical\" href=\"https:\/\/www.auditorium.com\/it\/international-jazz-day-2026-_-il-concerto-della-jazz-campus-orchestra-in-diretta-streaming-per-le-scuole\/\" \/>\n<meta property=\"og:locale\" content=\"it_IT\" \/>\n<meta property=\"og:type\" content=\"article\" \/>\n<meta property=\"og:title\" content=\"International Jazz Day 2026 _ Il concerto della Jazz Campus Orchestra in diretta streaming per le scuole | Auditorium Parco della Musica Ennio Morricone\" \/>\n<meta property=\"og:description\" content=\"Torna l\u2019International Jazz Day Roma 2026 promosso dall\u2019Associazione nazionale Il Jazz Va a Scuola e da Fondazione Musica per Roma, con la direzione artistica di Geg\u00e8 Telesforo e Paolo Fresu. Protagonisti i giovani e le giovani della Jazz Campus Orchestra diretta da Massimo Nunzi, progetto che valorizza le nuove generazioni del jazz. &nbsp; Matin\u00e9e riservato [&hellip;]\" \/>\n<meta property=\"og:url\" content=\"https:\/\/www.auditorium.com\/it\/international-jazz-day-2026-_-il-concerto-della-jazz-campus-orchestra-in-diretta-streaming-per-le-scuole\/\" \/>\n<meta property=\"og:site_name\" content=\"Auditorium Parco della Musica Ennio Morricone\" \/>\n<meta property=\"article:publisher\" content=\"https:\/\/www.facebook.com\/AuditoriumParcodellaMusica\" \/>\n<meta property=\"article:published_time\" content=\"2026-04-29T07:51:23+00:00\" \/>\n<meta property=\"og:image\" content=\"https:\/\/www.auditorium.com\/wp-content\/uploads\/2026\/03\/IJD26_1080x1080-e1774881167394.png\" \/>\n\t<meta property=\"og:image:width\" content=\"1458\" \/>\n\t<meta property=\"og:image:height\" content=\"835\" \/>\n\t<meta property=\"og:image:type\" content=\"image\/png\" \/>\n<meta name=\"author\" content=\"Noemi Quarantelli\" \/>\n<meta name=\"twitter:card\" content=\"summary_large_image\" \/>\n<meta name=\"twitter:creator\" content=\"@auditoriumpdm\" \/>\n<meta name=\"twitter:site\" content=\"@auditoriumpdm\" \/>\n<meta name=\"twitter:label1\" content=\"Scritto da\" \/>\n\t<meta name=\"twitter:data1\" content=\"Noemi Quarantelli\" \/>\n\t<meta name=\"twitter:label2\" content=\"Tempo di lettura stimato\" \/>\n\t<meta name=\"twitter:data2\" content=\"2 minuti\" \/>\n<script type=\"application\/ld+json\" class=\"yoast-schema-graph\">{\"@context\":\"https:\/\/schema.org\",\"@graph\":[{\"@type\":\"Article\",\"@id\":\"https:\/\/www.auditorium.com\/it\/international-jazz-day-2026-_-il-concerto-della-jazz-campus-orchestra-in-diretta-streaming-per-le-scuole\/#article\",\"isPartOf\":{\"@id\":\"https:\/\/www.auditorium.com\/it\/international-jazz-day-2026-_-il-concerto-della-jazz-campus-orchestra-in-diretta-streaming-per-le-scuole\/\"},\"author\":{\"name\":\"Noemi Quarantelli\",\"@id\":\"https:\/\/www.auditorium.com\/it\/#\/schema\/person\/384cfe54b3bef1764fed020037a15ead\"},\"headline\":\"International Jazz Day 2026 _ Il concerto della Jazz Campus Orchestra in diretta streaming per le scuole\",\"datePublished\":\"2026-04-29T07:51:23+00:00\",\"dateModified\":\"2026-04-29T07:51:23+00:00\",\"mainEntityOfPage\":{\"@id\":\"https:\/\/www.auditorium.com\/it\/international-jazz-day-2026-_-il-concerto-della-jazz-campus-orchestra-in-diretta-streaming-per-le-scuole\/\"},\"wordCount\":235,\"commentCount\":0,\"publisher\":{\"@id\":\"https:\/\/www.auditorium.com\/it\/#organization\"},\"image\":{\"@id\":\"https:\/\/www.auditorium.com\/it\/international-jazz-day-2026-_-il-concerto-della-jazz-campus-orchestra-in-diretta-streaming-per-le-scuole\/#primaryimage\"},\"thumbnailUrl\":\"https:\/\/www.auditorium.com\/wp-content\/uploads\/2026\/03\/IJD26_1080x1080-e1774881167394.png\",\"articleSection\":[\"News\"],\"inLanguage\":\"it-IT\",\"potentialAction\":[{\"@type\":\"CommentAction\",\"name\":\"Comment\",\"target\":[\"https:\/\/www.auditorium.com\/it\/international-jazz-day-2026-_-il-concerto-della-jazz-campus-orchestra-in-diretta-streaming-per-le-scuole\/#respond\"]}]},{\"@type\":\"WebPage\",\"@id\":\"https:\/\/www.auditorium.com\/it\/international-jazz-day-2026-_-il-concerto-della-jazz-campus-orchestra-in-diretta-streaming-per-le-scuole\/\",\"url\":\"https:\/\/www.auditorium.com\/it\/international-jazz-day-2026-_-il-concerto-della-jazz-campus-orchestra-in-diretta-streaming-per-le-scuole\/\",\"name\":\"International Jazz Day 2026 _ Il concerto della Jazz Campus Orchestra in diretta streaming per le scuole | Auditorium Parco della Musica Ennio Morricone\",\"isPartOf\":{\"@id\":\"https:\/\/www.auditorium.com\/it\/#website\"},\"primaryImageOfPage\":{\"@id\":\"https:\/\/www.auditorium.com\/it\/international-jazz-day-2026-_-il-concerto-della-jazz-campus-orchestra-in-diretta-streaming-per-le-scuole\/#primaryimage\"},\"image\":{\"@id\":\"https:\/\/www.auditorium.com\/it\/international-jazz-day-2026-_-il-concerto-della-jazz-campus-orchestra-in-diretta-streaming-per-le-scuole\/#primaryimage\"},\"thumbnailUrl\":\"https:\/\/www.auditorium.com\/wp-content\/uploads\/2026\/03\/IJD26_1080x1080-e1774881167394.png\",\"datePublished\":\"2026-04-29T07:51:23+00:00\",\"dateModified\":\"2026-04-29T07:51:23+00:00\",\"breadcrumb\":{\"@id\":\"https:\/\/www.auditorium.com\/it\/international-jazz-day-2026-_-il-concerto-della-jazz-campus-orchestra-in-diretta-streaming-per-le-scuole\/#breadcrumb\"},\"inLanguage\":\"it-IT\",\"potentialAction\":[{\"@type\":\"ReadAction\",\"target\":[\"https:\/\/www.auditorium.com\/it\/international-jazz-day-2026-_-il-concerto-della-jazz-campus-orchestra-in-diretta-streaming-per-le-scuole\/\"]}]},{\"@type\":\"ImageObject\",\"inLanguage\":\"it-IT\",\"@id\":\"https:\/\/www.auditorium.com\/it\/international-jazz-day-2026-_-il-concerto-della-jazz-campus-orchestra-in-diretta-streaming-per-le-scuole\/#primaryimage\",\"url\":\"https:\/\/www.auditorium.com\/wp-content\/uploads\/2026\/03\/IJD26_1080x1080-e1774881167394.png\",\"contentUrl\":\"https:\/\/www.auditorium.com\/wp-content\/uploads\/2026\/03\/IJD26_1080x1080-e1774881167394.png\",\"width\":1458,\"height\":835},{\"@type\":\"BreadcrumbList\",\"@id\":\"https:\/\/www.auditorium.com\/it\/international-jazz-day-2026-_-il-concerto-della-jazz-campus-orchestra-in-diretta-streaming-per-le-scuole\/#breadcrumb\",\"itemListElement\":[{\"@type\":\"ListItem\",\"position\":1,\"name\":\"Home\",\"item\":\"https:\/\/www.auditorium.com\/it\/\"},{\"@type\":\"ListItem\",\"position\":2,\"name\":\"International Jazz Day 2026 _ Il concerto della Jazz Campus Orchestra in diretta streaming per le scuole\"}]},{\"@type\":\"WebSite\",\"@id\":\"https:\/\/www.auditorium.com\/it\/#website\",\"url\":\"https:\/\/www.auditorium.com\/it\/\",\"name\":\"Auditorium Parco della Musica Ennio Morricone\",\"description\":\"Progettato da Renzo Piano, l&#039;Auditorium rappresenta una sofisticata architettura musicale e uno straordinario intervento di riqualificazione urbana.\",\"publisher\":{\"@id\":\"https:\/\/www.auditorium.com\/it\/#organization\"},\"potentialAction\":[{\"@type\":\"SearchAction\",\"target\":{\"@type\":\"EntryPoint\",\"urlTemplate\":\"https:\/\/www.auditorium.com\/it\/?s={search_term_string}\"},\"query-input\":\"required name=search_term_string\"}],\"inLanguage\":\"it-IT\"},{\"@type\":\"Organization\",\"@id\":\"https:\/\/www.auditorium.com\/it\/#organization\",\"name\":\"Auditorium Parco della Musica Ennio Morricone\",\"url\":\"https:\/\/www.auditorium.com\/it\/\",\"logo\":{\"@type\":\"ImageObject\",\"inLanguage\":\"it-IT\",\"@id\":\"https:\/\/www.auditorium.com\/it\/#\/schema\/logo\/image\/\",\"url\":\"https:\/\/www.auditorium.com\/wp-content\/uploads\/2022\/12\/logo-auditorium.svg\",\"contentUrl\":\"https:\/\/www.auditorium.com\/wp-content\/uploads\/2022\/12\/logo-auditorium.svg\",\"width\":86,\"height\":79,\"caption\":\"Auditorium Parco della Musica Ennio Morricone\"},\"image\":{\"@id\":\"https:\/\/www.auditorium.com\/it\/#\/schema\/logo\/image\/\"},\"sameAs\":[\"https:\/\/www.facebook.com\/AuditoriumParcodellaMusica\",\"https:\/\/x.com\/auditoriumpdm\",\"https:\/\/www.instagram.com\/auditoriumparcodellamusica\/\"]},{\"@type\":\"Person\",\"@id\":\"https:\/\/www.auditorium.com\/it\/#\/schema\/person\/384cfe54b3bef1764fed020037a15ead\",\"name\":\"Noemi Quarantelli\",\"image\":{\"@type\":\"ImageObject\",\"inLanguage\":\"it-IT\",\"@id\":\"https:\/\/www.auditorium.com\/it\/#\/schema\/person\/image\/\",\"url\":\"https:\/\/secure.gravatar.com\/avatar\/c8b62afea97020a2cd289c57812f9c722d729f924a0852554c242c27ff349893?s=96&d=mm&r=g\",\"contentUrl\":\"https:\/\/secure.gravatar.com\/avatar\/c8b62afea97020a2cd289c57812f9c722d729f924a0852554c242c27ff349893?s=96&d=mm&r=g\",\"caption\":\"Noemi Quarantelli\"}}]}<\/script>\n<!-- \/ Yoast SEO plugin. -->","yoast_head_json":{"title":"International Jazz Day 2026 _ Il concerto della Jazz Campus Orchestra in diretta streaming per le scuole | Auditorium Parco della Musica Ennio Morricone","robots":{"index":"index","follow":"follow","max-snippet":"max-snippet:-1","max-image-preview":"max-image-preview:large","max-video-preview":"max-video-preview:-1"},"canonical":"https:\/\/www.auditorium.com\/it\/international-jazz-day-2026-_-il-concerto-della-jazz-campus-orchestra-in-diretta-streaming-per-le-scuole\/","og_locale":"it_IT","og_type":"article","og_title":"International Jazz Day 2026 _ Il concerto della Jazz Campus Orchestra in diretta streaming per le scuole | Auditorium Parco della Musica Ennio Morricone","og_description":"Torna l\u2019International Jazz Day Roma 2026 promosso dall\u2019Associazione nazionale Il Jazz Va a Scuola e da Fondazione Musica per Roma, con la direzione artistica di Geg\u00e8 Telesforo e Paolo Fresu. Protagonisti i giovani e le giovani della Jazz Campus Orchestra diretta da Massimo Nunzi, progetto che valorizza le nuove generazioni del jazz. &nbsp; Matin\u00e9e riservato [&hellip;]","og_url":"https:\/\/www.auditorium.com\/it\/international-jazz-day-2026-_-il-concerto-della-jazz-campus-orchestra-in-diretta-streaming-per-le-scuole\/","og_site_name":"Auditorium Parco della Musica Ennio Morricone","article_publisher":"https:\/\/www.facebook.com\/AuditoriumParcodellaMusica","article_published_time":"2026-04-29T07:51:23+00:00","og_image":[{"width":1458,"height":835,"url":"https:\/\/www.auditorium.com\/wp-content\/uploads\/2026\/03\/IJD26_1080x1080-e1774881167394.png","type":"image\/png"}],"author":"Noemi Quarantelli","twitter_card":"summary_large_image","twitter_creator":"@auditoriumpdm","twitter_site":"@auditoriumpdm","twitter_misc":{"Scritto da":"Noemi Quarantelli","Tempo di lettura stimato":"2 minuti"},"schema":{"@context":"https:\/\/schema.org","@graph":[{"@type":"Article","@id":"https:\/\/www.auditorium.com\/it\/international-jazz-day-2026-_-il-concerto-della-jazz-campus-orchestra-in-diretta-streaming-per-le-scuole\/#article","isPartOf":{"@id":"https:\/\/www.auditorium.com\/it\/international-jazz-day-2026-_-il-concerto-della-jazz-campus-orchestra-in-diretta-streaming-per-le-scuole\/"},"author":{"name":"Noemi Quarantelli","@id":"https:\/\/www.auditorium.com\/it\/#\/schema\/person\/384cfe54b3bef1764fed020037a15ead"},"headline":"International Jazz Day 2026 _ Il concerto della Jazz Campus Orchestra in diretta streaming per le scuole","datePublished":"2026-04-29T07:51:23+00:00","dateModified":"2026-04-29T07:51:23+00:00","mainEntityOfPage":{"@id":"https:\/\/www.auditorium.com\/it\/international-jazz-day-2026-_-il-concerto-della-jazz-campus-orchestra-in-diretta-streaming-per-le-scuole\/"},"wordCount":235,"commentCount":0,"publisher":{"@id":"https:\/\/www.auditorium.com\/it\/#organization"},"image":{"@id":"https:\/\/www.auditorium.com\/it\/international-jazz-day-2026-_-il-concerto-della-jazz-campus-orchestra-in-diretta-streaming-per-le-scuole\/#primaryimage"},"thumbnailUrl":"https:\/\/www.auditorium.com\/wp-content\/uploads\/2026\/03\/IJD26_1080x1080-e1774881167394.png","articleSection":["News"],"inLanguage":"it-IT","potentialAction":[{"@type":"CommentAction","name":"Comment","target":["https:\/\/www.auditorium.com\/it\/international-jazz-day-2026-_-il-concerto-della-jazz-campus-orchestra-in-diretta-streaming-per-le-scuole\/#respond"]}]},{"@type":"WebPage","@id":"https:\/\/www.auditorium.com\/it\/international-jazz-day-2026-_-il-concerto-della-jazz-campus-orchestra-in-diretta-streaming-per-le-scuole\/","url":"https:\/\/www.auditorium.com\/it\/international-jazz-day-2026-_-il-concerto-della-jazz-campus-orchestra-in-diretta-streaming-per-le-scuole\/","name":"International Jazz Day 2026 _ Il concerto della Jazz Campus Orchestra in diretta streaming per le scuole | Auditorium Parco della Musica Ennio Morricone","isPartOf":{"@id":"https:\/\/www.auditorium.com\/it\/#website"},"primaryImageOfPage":{"@id":"https:\/\/www.auditorium.com\/it\/international-jazz-day-2026-_-il-concerto-della-jazz-campus-orchestra-in-diretta-streaming-per-le-scuole\/#primaryimage"},"image":{"@id":"https:\/\/www.auditorium.com\/it\/international-jazz-day-2026-_-il-concerto-della-jazz-campus-orchestra-in-diretta-streaming-per-le-scuole\/#primaryimage"},"thumbnailUrl":"https:\/\/www.auditorium.com\/wp-content\/uploads\/2026\/03\/IJD26_1080x1080-e1774881167394.png","datePublished":"2026-04-29T07:51:23+00:00","dateModified":"2026-04-29T07:51:23+00:00","breadcrumb":{"@id":"https:\/\/www.auditorium.com\/it\/international-jazz-day-2026-_-il-concerto-della-jazz-campus-orchestra-in-diretta-streaming-per-le-scuole\/#breadcrumb"},"inLanguage":"it-IT","potentialAction":[{"@type":"ReadAction","target":["https:\/\/www.auditorium.com\/it\/international-jazz-day-2026-_-il-concerto-della-jazz-campus-orchestra-in-diretta-streaming-per-le-scuole\/"]}]},{"@type":"ImageObject","inLanguage":"it-IT","@id":"https:\/\/www.auditorium.com\/it\/international-jazz-day-2026-_-il-concerto-della-jazz-campus-orchestra-in-diretta-streaming-per-le-scuole\/#primaryimage","url":"https:\/\/www.auditorium.com\/wp-content\/uploads\/2026\/03\/IJD26_1080x1080-e1774881167394.png","contentUrl":"https:\/\/www.auditorium.com\/wp-content\/uploads\/2026\/03\/IJD26_1080x1080-e1774881167394.png","width":1458,"height":835},{"@type":"BreadcrumbList","@id":"https:\/\/www.auditorium.com\/it\/international-jazz-day-2026-_-il-concerto-della-jazz-campus-orchestra-in-diretta-streaming-per-le-scuole\/#breadcrumb","itemListElement":[{"@type":"ListItem","position":1,"name":"Home","item":"https:\/\/www.auditorium.com\/it\/"},{"@type":"ListItem","position":2,"name":"International Jazz Day 2026 _ Il concerto della Jazz Campus Orchestra in diretta streaming per le scuole"}]},{"@type":"WebSite","@id":"https:\/\/www.auditorium.com\/it\/#website","url":"https:\/\/www.auditorium.com\/it\/","name":"Auditorium Parco della Musica Ennio Morricone","description":"Progettato da Renzo Piano, l&#039;Auditorium rappresenta una sofisticata architettura musicale e uno straordinario intervento di riqualificazione urbana.","publisher":{"@id":"https:\/\/www.auditorium.com\/it\/#organization"},"potentialAction":[{"@type":"SearchAction","target":{"@type":"EntryPoint","urlTemplate":"https:\/\/www.auditorium.com\/it\/?s={search_term_string}"},"query-input":"required name=search_term_string"}],"inLanguage":"it-IT"},{"@type":"Organization","@id":"https:\/\/www.auditorium.com\/it\/#organization","name":"Auditorium Parco della Musica Ennio Morricone","url":"https:\/\/www.auditorium.com\/it\/","logo":{"@type":"ImageObject","inLanguage":"it-IT","@id":"https:\/\/www.auditorium.com\/it\/#\/schema\/logo\/image\/","url":"https:\/\/www.auditorium.com\/wp-content\/uploads\/2022\/12\/logo-auditorium.svg","contentUrl":"https:\/\/www.auditorium.com\/wp-content\/uploads\/2022\/12\/logo-auditorium.svg","width":86,"height":79,"caption":"Auditorium Parco della Musica Ennio Morricone"},"image":{"@id":"https:\/\/www.auditorium.com\/it\/#\/schema\/logo\/image\/"},"sameAs":["https:\/\/www.facebook.com\/AuditoriumParcodellaMusica","https:\/\/x.com\/auditoriumpdm","https:\/\/www.instagram.com\/auditoriumparcodellamusica\/"]},{"@type":"Person","@id":"https:\/\/www.auditorium.com\/it\/#\/schema\/person\/384cfe54b3bef1764fed020037a15ead","name":"Noemi Quarantelli","image":{"@type":"ImageObject","inLanguage":"it-IT","@id":"https:\/\/www.auditorium.com\/it\/#\/schema\/person\/image\/","url":"https:\/\/secure.gravatar.com\/avatar\/c8b62afea97020a2cd289c57812f9c722d729f924a0852554c242c27ff349893?s=96&d=mm&r=g","contentUrl":"https:\/\/secure.gravatar.com\/avatar\/c8b62afea97020a2cd289c57812f9c722d729f924a0852554c242c27ff349893?s=96&d=mm&r=g","caption":"Noemi Quarantelli"}}]}},"_links":{"self":[{"href":"https:\/\/www.auditorium.com\/it\/wp-json\/wp\/v2\/posts\/46133","targetHints":{"allow":["GET"]}}],"collection":[{"href":"https:\/\/www.auditorium.com\/it\/wp-json\/wp\/v2\/posts"}],"about":[{"href":"https:\/\/www.auditorium.com\/it\/wp-json\/wp\/v2\/types\/post"}],"author":[{"embeddable":true,"href":"https:\/\/www.auditorium.com\/it\/wp-json\/wp\/v2\/users\/1438"}],"replies":[{"embeddable":true,"href":"https:\/\/www.auditorium.com\/it\/wp-json\/wp\/v2\/comments?post=46133"}],"version-history":[{"count":2,"href":"https:\/\/www.auditorium.com\/it\/wp-json\/wp\/v2\/posts\/46133\/revisions"}],"predecessor-version":[{"id":46135,"href":"https:\/\/www.auditorium.com\/it\/wp-json\/wp\/v2\/posts\/46133\/revisions\/46135"}],"wp:featuredmedia":[{"embeddable":true,"href":"https:\/\/www.auditorium.com\/it\/wp-json\/wp\/v2\/media\/45677"}],"wp:attachment":[{"href":"https:\/\/www.auditorium.com\/it\/wp-json\/wp\/v2\/media?parent=46133"}],"wp:term":[{"taxonomy":"category","embeddable":true,"href":"https:\/\/www.auditorium.com\/it\/wp-json\/wp\/v2\/categories?post=46133"},{"taxonomy":"post_tag","embeddable":true,"href":"https:\/\/www.auditorium.com\/it\/wp-json\/wp\/v2\/tags?post=46133"}],"curies":[{"name":"wp","href":"https:\/\/api.w.org\/{rel}","templated":true}]}}