{"id":45156,"date":"2026-03-12T17:29:50","date_gmt":"2026-03-12T16:29:50","guid":{"rendered":"https:\/\/www.auditorium.com\/?p=45156"},"modified":"2026-03-12T17:29:50","modified_gmt":"2026-03-12T16:29:50","slug":"presentata-oggi-la-xvii-edizione-di-libri-come-2026-festa-del-libro-e-della-lettura","status":"publish","type":"post","link":"https:\/\/www.auditorium.com\/it\/presentata-oggi-la-xvii-edizione-di-libri-come-2026-festa-del-libro-e-della-lettura\/","title":{"rendered":"Presentata oggi la XVII edizione di &#8220;Libri Come 2026. Festa del Libro e della Lettura&#8221;"},"content":{"rendered":"<p>\u00c8 stata <strong>presentata oggi <\/strong>all\u2019Auditorium Parco della Musica Ennio Morricone <strong>la XVII edizione di <em>Libri Come \u2013 Festa del Libro e della Lettura<\/em><\/strong>, la rassegna prodotta dalla <strong>Fondazione Musica per Roma<\/strong> dedicata al libro in programma <strong>dal<\/strong> <strong>20 al 22 marzo 2026<\/strong>. Alla conferenza stampa sono intervenuti <strong>Massimiliano Smeriglio<\/strong>, Assessore alla Cultura di Roma Capitale, <strong>Raffaele Ranucci<\/strong>, Amministratore delegato della <strong>Fondazione Musica per Roma<\/strong>, insieme ai curatori del festival <strong>Michele De Mieri<\/strong>, <strong>Rosa Polacco<\/strong> e <strong>Marino Sinibaldi<\/strong>. Era inoltre presente l\u2019artista <strong>Alice Pasquini<\/strong>.<\/p>\n<p><strong>La parola chiave 2026: DEMOCRAZIA<\/strong><\/p>\n<p>Come da tradizione del festival, l\u2019intero programma si sviluppa attorno a una parola-manifesto che diventa chiave di lettura della contemporaneit\u00e0. Dopo aver affrontato negli anni temi come <strong>Felicit\u00e0, Libert\u00e0, Potere, Umanit\u00e0 e Pace<\/strong>, la <strong>XVII edizione<\/strong> sceglie <strong>Democrazia<\/strong>. Una parola oggi pi\u00f9 che mai complessa e problematica, una parola-mondo che dalla Grecia classica fino a oggi ha rappresentato oltre che un regime politico, un modo di vivere insieme agli altri, secondo regole di partecipazione e di discussione. Oggi la <strong>Democrazia<\/strong>, e quello che ha pi\u00f9 o meno rappresentato, ha bisogno di essere difesa e ricompresa mentre i suoi tanti nemici ne minano la credibilit\u00e0. Come sempre attraverso incontri, letture e dibattiti, la <strong>Festa del Libro<\/strong> offrir\u00e0 strumenti di conoscenza e confronto, esplorando la Democrazia non solo come principio politico, ma anche come elemento culturale, capace di unire persone, idee e generazioni.<\/p>\n<p>\u00ab<em>I libri \u2013 <\/em>dichiara l\u2019<strong>Assessore <\/strong><strong>alla Cultura di Roma Capitale Massimiliano Smeriglio<\/strong><em> &#8211; sono potenti strumenti di conoscenza e di incontro, di inclusione. La prosperit\u00e0 di una comunit\u00e0, di una famiglia, di un Paese, dipende dalla capacit\u00e0 di stare nel presente attraverso la lettura. Un festival dedicato ai dialoghi tra scrittori, alle lezioni magistrali, ai reading di approfondimento per le scuole e per il grande pubblico, ma soprattutto agli incontri tra le persone, i libri e i loro autori, sono occasioni di crescita e quindi di prosperit\u00e0 della nostra comunit\u00e0 cittadina. Il libro non \u00e8 solo un oggetto che ci riserva la possibilit\u00e0 di immaginare altre storie, oltre quella narrata al suo interno, ma uno spazio di riflessione e partecipazione attiva, a maggior ragione quando supera le nostre solitudini e ci riporta in una dimensione collettiva com\u2019\u00e8 \u2018Libri Come \u2013 Festa del Libro e della Lettura\u2019. In una societ\u00e0 dove si alimenta l\u2019economia dell\u2019attenzione e della solitudine, un libro e il suo confronto nella dimensione pubblica, diventa uno spazio di accoglienza in cui troviamo modo di esercitarci al confronto, alla comprensione, alla democrazia<\/em>\u00bb<em>.<\/em><\/p>\n<p>\u00ab<em>Libri Come &#8211; Festa del Libro e della Lettura \u00e8 il momento in cui l\u2019Auditorium Parco della Musica Ennio Morricone mette al centro le parole<\/em> \u2013 <strong>ha commentato l\u2019Ad della Fondazione Musica per Roma, Raffaele Ranucci<\/strong> &#8211; <em>e affida alla loro forza il compito di interpretare il presente. Democrazia \u00e8 una parola esigente, che riguarda tutti, dentro e fuori le istituzioni. Attraverso lezioni, dialoghi e tavole rotonde, Libri Come continuer\u00e0 a offrire strumenti per comprendere la complessit\u00e0 del nostro tempo, confermandosi uno spazio aperto e plurale. E anche quest\u2019anno l\u2019Auditorium sar\u00e0 un punto di riferimento capace di attrarre grandi protagonisti della scena culturale internazionale, accanto alle voci pi\u00f9 autorevoli del panorama italiano<\/em>\u00bb<em>. <\/em><\/p>\n<p><strong>Cos\u00ec i tre curatori \u2013<\/strong> \u00ab<em>Abbiamo scelto come parola guida del festival DEMOCRAZIA. Un termine che pensavamo caro a tutti e che invece abbiamo riscoperto come divisivo, amato da molti e parimenti odiato da altri. Una parola che per molti decenni ha garantito prosperit\u00e0, libert\u00e0 e (spesso) pace e (forse) felicit\u00e0 viene criticata e combattuta non solo dalle autocrazie ma anche dai molti che proprio grazie alle regole della democrazia hanno conquistato la legittimit\u00e0 del loro potere. Prendendo spunto anche dall&#8217;esortazione del Presidente della Repubblica, Sergio Mattarella: &#8220;la democrazia \u00e8 pi\u00f9 forte di tutto. E ai giovani dico non rassegnatevi&#8221; Libri Come ha costruito un programma di lezioni, dialoghi, presentazioni, reading, mostre in cui si celebra il valore della Democrazia, ora che \u00e8 minacciata da vecchi e nuovi nemici<\/em>\u00bb<em>.<\/em><\/p>\n<p><strong>Tre giorni di incontri, dialoghi e lezioni<\/strong><\/p>\n<p>Il programma della XVII edizione si svilupper\u00e0 per tre giornate attraverso un fitto calendario di <strong>dialoghi tra scrittori, lezioni, tavole rotonde, reading e conversazioni interdisciplinari<\/strong>, coinvolgendo autori provenienti da ambiti diversi \u2013 letteratura, filosofia, storia, giornalismo, scienze sociali \u2013 e offrendo al pubblico prospettive differenti sul tema della democrazia. Come nelle edizioni precedenti, accanto agli incontri aperti al grande pubblico saranno presenti momenti dedicati alle scuole e ai giovani lettori, con l\u2019obiettivo di rafforzare il ruolo del festival come spazio di educazione culturale e civile. In questi tre giorni Roma diventer\u00e0 ancora una volta una citt\u00e0 del libro e del dialogo, dove la lettura si trasforma in occasione di confronto e di partecipazione collettiva.<\/p>\n<p>Tutto il programma del festival \u00e8 disponibile al seguente link:<\/p>\n<blockquote class=\"wp-embedded-content\" data-secret=\"OBeIa7g8kA\"><p><a href=\"https:\/\/www.auditorium.com\/it\/festival\/libri-come-2026\/\">Libri Come 2026 &#8211; DEMOCRAZIA<\/a><\/p><\/blockquote>\n<p><iframe loading=\"lazy\" class=\"wp-embedded-content\" sandbox=\"allow-scripts\" security=\"restricted\" style=\"position: absolute; visibility: hidden;\" title=\"&#8220;Libri Come 2026 &#8211; DEMOCRAZIA&#8221; &#8212; Auditorium Parco della Musica Ennio Morricone\" src=\"https:\/\/www.auditorium.com\/it\/festival\/libri-come-2026\/embed\/#?secret=i7B44MAUDE#?secret=OBeIa7g8kA\" data-secret=\"OBeIa7g8kA\" width=\"600\" height=\"338\" frameborder=\"0\" marginwidth=\"0\" marginheight=\"0\" scrolling=\"no\"><\/iframe><\/p>\n","protected":false},"excerpt":{"rendered":"\u00c8 stata presentata oggi all\u2019Auditorium Parco della Musica Ennio Morricone la XVII edizione di Libri Come \u2013 Festa del Libro e della Lettura, la rassegna prodotta dalla Fondazione Musica per Roma dedicata al libro in programma dal 20 al 22 marzo 2026. Alla conferenza stampa sono intervenuti Massimiliano Smeriglio, Assessore alla Cultura di Roma Capitale, [&hellip;]","protected":false},"author":1438,"featured_media":45157,"comment_status":"open","ping_status":"open","sticky":false,"template":"","format":"standard","meta":{"_acf_changed":false,"inline_featured_image":false,"footnotes":""},"categories":[106],"tags":[],"class_list":["post-45156","post","type-post","status-publish","format-standard","has-post-thumbnail","hentry","category-comunicati-stampa"],"acf":[],"yoast_head":"<!-- This site is optimized with the Yoast SEO plugin v22.6 - https:\/\/yoast.com\/wordpress\/plugins\/seo\/ -->\n<title>Presentata oggi la XVII edizione di &quot;Libri Come 2026. Festa del Libro e della Lettura&quot; | Auditorium Parco della Musica Ennio Morricone<\/title>\n<meta name=\"robots\" content=\"index, follow, max-snippet:-1, max-image-preview:large, max-video-preview:-1\" \/>\n<link rel=\"canonical\" href=\"https:\/\/www.auditorium.com\/it\/presentata-oggi-la-xvii-edizione-di-libri-come-2026-festa-del-libro-e-della-lettura\/\" \/>\n<meta property=\"og:locale\" content=\"it_IT\" \/>\n<meta property=\"og:type\" content=\"article\" \/>\n<meta property=\"og:title\" content=\"Presentata oggi la XVII edizione di &quot;Libri Come 2026. Festa del Libro e della Lettura&quot; | Auditorium Parco della Musica Ennio Morricone\" \/>\n<meta property=\"og:description\" content=\"\u00c8 stata presentata oggi all\u2019Auditorium Parco della Musica Ennio Morricone la XVII edizione di Libri Come \u2013 Festa del Libro e della Lettura, la rassegna prodotta dalla Fondazione Musica per Roma dedicata al libro in programma dal 20 al 22 marzo 2026. Alla conferenza stampa sono intervenuti Massimiliano Smeriglio, Assessore alla Cultura di Roma Capitale, [&hellip;]\" \/>\n<meta property=\"og:url\" content=\"https:\/\/www.auditorium.com\/it\/presentata-oggi-la-xvii-edizione-di-libri-come-2026-festa-del-libro-e-della-lettura\/\" \/>\n<meta property=\"og:site_name\" content=\"Auditorium Parco della Musica Ennio Morricone\" \/>\n<meta property=\"article:publisher\" content=\"https:\/\/www.facebook.com\/AuditoriumParcodellaMusica\" \/>\n<meta property=\"article:published_time\" content=\"2026-03-12T16:29:50+00:00\" \/>\n<meta property=\"og:image\" content=\"https:\/\/www.auditorium.com\/wp-content\/uploads\/2026\/03\/conferenza-stampa-libri-come-2026-2-scaled.jpg\" \/>\n\t<meta property=\"og:image:width\" content=\"2560\" \/>\n\t<meta property=\"og:image:height\" content=\"1708\" \/>\n\t<meta property=\"og:image:type\" content=\"image\/jpeg\" \/>\n<meta name=\"author\" content=\"Noemi Quarantelli\" \/>\n<meta name=\"twitter:card\" content=\"summary_large_image\" \/>\n<meta name=\"twitter:creator\" content=\"@auditoriumpdm\" \/>\n<meta name=\"twitter:site\" content=\"@auditoriumpdm\" \/>\n<meta name=\"twitter:label1\" content=\"Scritto da\" \/>\n\t<meta name=\"twitter:data1\" content=\"Noemi Quarantelli\" \/>\n\t<meta name=\"twitter:label2\" content=\"Tempo di lettura stimato\" \/>\n\t<meta name=\"twitter:data2\" content=\"5 minuti\" \/>\n<script type=\"application\/ld+json\" class=\"yoast-schema-graph\">{\"@context\":\"https:\/\/schema.org\",\"@graph\":[{\"@type\":\"Article\",\"@id\":\"https:\/\/www.auditorium.com\/it\/presentata-oggi-la-xvii-edizione-di-libri-come-2026-festa-del-libro-e-della-lettura\/#article\",\"isPartOf\":{\"@id\":\"https:\/\/www.auditorium.com\/it\/presentata-oggi-la-xvii-edizione-di-libri-come-2026-festa-del-libro-e-della-lettura\/\"},\"author\":{\"name\":\"Noemi Quarantelli\",\"@id\":\"https:\/\/www.auditorium.com\/it\/#\/schema\/person\/384cfe54b3bef1764fed020037a15ead\"},\"headline\":\"Presentata oggi la XVII edizione di &#8220;Libri Come 2026. Festa del Libro e della Lettura&#8221;\",\"datePublished\":\"2026-03-12T16:29:50+00:00\",\"dateModified\":\"2026-03-12T16:29:50+00:00\",\"mainEntityOfPage\":{\"@id\":\"https:\/\/www.auditorium.com\/it\/presentata-oggi-la-xvii-edizione-di-libri-come-2026-festa-del-libro-e-della-lettura\/\"},\"wordCount\":799,\"commentCount\":0,\"publisher\":{\"@id\":\"https:\/\/www.auditorium.com\/it\/#organization\"},\"image\":{\"@id\":\"https:\/\/www.auditorium.com\/it\/presentata-oggi-la-xvii-edizione-di-libri-come-2026-festa-del-libro-e-della-lettura\/#primaryimage\"},\"thumbnailUrl\":\"https:\/\/www.auditorium.com\/wp-content\/uploads\/2026\/03\/conferenza-stampa-libri-come-2026-2-scaled.jpg\",\"articleSection\":[\"Comunicati stampa\"],\"inLanguage\":\"it-IT\",\"potentialAction\":[{\"@type\":\"CommentAction\",\"name\":\"Comment\",\"target\":[\"https:\/\/www.auditorium.com\/it\/presentata-oggi-la-xvii-edizione-di-libri-come-2026-festa-del-libro-e-della-lettura\/#respond\"]}]},{\"@type\":\"WebPage\",\"@id\":\"https:\/\/www.auditorium.com\/it\/presentata-oggi-la-xvii-edizione-di-libri-come-2026-festa-del-libro-e-della-lettura\/\",\"url\":\"https:\/\/www.auditorium.com\/it\/presentata-oggi-la-xvii-edizione-di-libri-come-2026-festa-del-libro-e-della-lettura\/\",\"name\":\"Presentata oggi la XVII edizione di \\\"Libri Come 2026. Festa del Libro e della Lettura\\\" | Auditorium Parco della Musica Ennio Morricone\",\"isPartOf\":{\"@id\":\"https:\/\/www.auditorium.com\/it\/#website\"},\"primaryImageOfPage\":{\"@id\":\"https:\/\/www.auditorium.com\/it\/presentata-oggi-la-xvii-edizione-di-libri-come-2026-festa-del-libro-e-della-lettura\/#primaryimage\"},\"image\":{\"@id\":\"https:\/\/www.auditorium.com\/it\/presentata-oggi-la-xvii-edizione-di-libri-come-2026-festa-del-libro-e-della-lettura\/#primaryimage\"},\"thumbnailUrl\":\"https:\/\/www.auditorium.com\/wp-content\/uploads\/2026\/03\/conferenza-stampa-libri-come-2026-2-scaled.jpg\",\"datePublished\":\"2026-03-12T16:29:50+00:00\",\"dateModified\":\"2026-03-12T16:29:50+00:00\",\"breadcrumb\":{\"@id\":\"https:\/\/www.auditorium.com\/it\/presentata-oggi-la-xvii-edizione-di-libri-come-2026-festa-del-libro-e-della-lettura\/#breadcrumb\"},\"inLanguage\":\"it-IT\",\"potentialAction\":[{\"@type\":\"ReadAction\",\"target\":[\"https:\/\/www.auditorium.com\/it\/presentata-oggi-la-xvii-edizione-di-libri-come-2026-festa-del-libro-e-della-lettura\/\"]}]},{\"@type\":\"ImageObject\",\"inLanguage\":\"it-IT\",\"@id\":\"https:\/\/www.auditorium.com\/it\/presentata-oggi-la-xvii-edizione-di-libri-come-2026-festa-del-libro-e-della-lettura\/#primaryimage\",\"url\":\"https:\/\/www.auditorium.com\/wp-content\/uploads\/2026\/03\/conferenza-stampa-libri-come-2026-2-scaled.jpg\",\"contentUrl\":\"https:\/\/www.auditorium.com\/wp-content\/uploads\/2026\/03\/conferenza-stampa-libri-come-2026-2-scaled.jpg\",\"width\":2560,\"height\":1708},{\"@type\":\"BreadcrumbList\",\"@id\":\"https:\/\/www.auditorium.com\/it\/presentata-oggi-la-xvii-edizione-di-libri-come-2026-festa-del-libro-e-della-lettura\/#breadcrumb\",\"itemListElement\":[{\"@type\":\"ListItem\",\"position\":1,\"name\":\"Home\",\"item\":\"https:\/\/www.auditorium.com\/it\/\"},{\"@type\":\"ListItem\",\"position\":2,\"name\":\"Presentata oggi la XVII edizione di &#8220;Libri Come 2026. Festa del Libro e della Lettura&#8221;\"}]},{\"@type\":\"WebSite\",\"@id\":\"https:\/\/www.auditorium.com\/it\/#website\",\"url\":\"https:\/\/www.auditorium.com\/it\/\",\"name\":\"Auditorium Parco della Musica Ennio Morricone\",\"description\":\"Progettato da Renzo Piano, l&#039;Auditorium rappresenta una sofisticata architettura musicale e uno straordinario intervento di riqualificazione urbana.\",\"publisher\":{\"@id\":\"https:\/\/www.auditorium.com\/it\/#organization\"},\"potentialAction\":[{\"@type\":\"SearchAction\",\"target\":{\"@type\":\"EntryPoint\",\"urlTemplate\":\"https:\/\/www.auditorium.com\/it\/?s={search_term_string}\"},\"query-input\":\"required name=search_term_string\"}],\"inLanguage\":\"it-IT\"},{\"@type\":\"Organization\",\"@id\":\"https:\/\/www.auditorium.com\/it\/#organization\",\"name\":\"Auditorium Parco della Musica Ennio Morricone\",\"url\":\"https:\/\/www.auditorium.com\/it\/\",\"logo\":{\"@type\":\"ImageObject\",\"inLanguage\":\"it-IT\",\"@id\":\"https:\/\/www.auditorium.com\/it\/#\/schema\/logo\/image\/\",\"url\":\"https:\/\/www.auditorium.com\/wp-content\/uploads\/2022\/12\/logo-auditorium.svg\",\"contentUrl\":\"https:\/\/www.auditorium.com\/wp-content\/uploads\/2022\/12\/logo-auditorium.svg\",\"width\":86,\"height\":79,\"caption\":\"Auditorium Parco della Musica Ennio Morricone\"},\"image\":{\"@id\":\"https:\/\/www.auditorium.com\/it\/#\/schema\/logo\/image\/\"},\"sameAs\":[\"https:\/\/www.facebook.com\/AuditoriumParcodellaMusica\",\"https:\/\/x.com\/auditoriumpdm\",\"https:\/\/www.instagram.com\/auditoriumparcodellamusica\/\"]},{\"@type\":\"Person\",\"@id\":\"https:\/\/www.auditorium.com\/it\/#\/schema\/person\/384cfe54b3bef1764fed020037a15ead\",\"name\":\"Noemi Quarantelli\",\"image\":{\"@type\":\"ImageObject\",\"inLanguage\":\"it-IT\",\"@id\":\"https:\/\/www.auditorium.com\/it\/#\/schema\/person\/image\/\",\"url\":\"https:\/\/secure.gravatar.com\/avatar\/c8b62afea97020a2cd289c57812f9c722d729f924a0852554c242c27ff349893?s=96&d=mm&r=g\",\"contentUrl\":\"https:\/\/secure.gravatar.com\/avatar\/c8b62afea97020a2cd289c57812f9c722d729f924a0852554c242c27ff349893?s=96&d=mm&r=g\",\"caption\":\"Noemi Quarantelli\"}}]}<\/script>\n<!-- \/ Yoast SEO plugin. -->","yoast_head_json":{"title":"Presentata oggi la XVII edizione di \"Libri Come 2026. Festa del Libro e della Lettura\" | Auditorium Parco della Musica Ennio Morricone","robots":{"index":"index","follow":"follow","max-snippet":"max-snippet:-1","max-image-preview":"max-image-preview:large","max-video-preview":"max-video-preview:-1"},"canonical":"https:\/\/www.auditorium.com\/it\/presentata-oggi-la-xvii-edizione-di-libri-come-2026-festa-del-libro-e-della-lettura\/","og_locale":"it_IT","og_type":"article","og_title":"Presentata oggi la XVII edizione di \"Libri Come 2026. Festa del Libro e della Lettura\" | Auditorium Parco della Musica Ennio Morricone","og_description":"\u00c8 stata presentata oggi all\u2019Auditorium Parco della Musica Ennio Morricone la XVII edizione di Libri Come \u2013 Festa del Libro e della Lettura, la rassegna prodotta dalla Fondazione Musica per Roma dedicata al libro in programma dal 20 al 22 marzo 2026. Alla conferenza stampa sono intervenuti Massimiliano Smeriglio, Assessore alla Cultura di Roma Capitale, [&hellip;]","og_url":"https:\/\/www.auditorium.com\/it\/presentata-oggi-la-xvii-edizione-di-libri-come-2026-festa-del-libro-e-della-lettura\/","og_site_name":"Auditorium Parco della Musica Ennio Morricone","article_publisher":"https:\/\/www.facebook.com\/AuditoriumParcodellaMusica","article_published_time":"2026-03-12T16:29:50+00:00","og_image":[{"width":2560,"height":1708,"url":"https:\/\/www.auditorium.com\/wp-content\/uploads\/2026\/03\/conferenza-stampa-libri-come-2026-2-scaled.jpg","type":"image\/jpeg"}],"author":"Noemi Quarantelli","twitter_card":"summary_large_image","twitter_creator":"@auditoriumpdm","twitter_site":"@auditoriumpdm","twitter_misc":{"Scritto da":"Noemi Quarantelli","Tempo di lettura stimato":"5 minuti"},"schema":{"@context":"https:\/\/schema.org","@graph":[{"@type":"Article","@id":"https:\/\/www.auditorium.com\/it\/presentata-oggi-la-xvii-edizione-di-libri-come-2026-festa-del-libro-e-della-lettura\/#article","isPartOf":{"@id":"https:\/\/www.auditorium.com\/it\/presentata-oggi-la-xvii-edizione-di-libri-come-2026-festa-del-libro-e-della-lettura\/"},"author":{"name":"Noemi Quarantelli","@id":"https:\/\/www.auditorium.com\/it\/#\/schema\/person\/384cfe54b3bef1764fed020037a15ead"},"headline":"Presentata oggi la XVII edizione di &#8220;Libri Come 2026. Festa del Libro e della Lettura&#8221;","datePublished":"2026-03-12T16:29:50+00:00","dateModified":"2026-03-12T16:29:50+00:00","mainEntityOfPage":{"@id":"https:\/\/www.auditorium.com\/it\/presentata-oggi-la-xvii-edizione-di-libri-come-2026-festa-del-libro-e-della-lettura\/"},"wordCount":799,"commentCount":0,"publisher":{"@id":"https:\/\/www.auditorium.com\/it\/#organization"},"image":{"@id":"https:\/\/www.auditorium.com\/it\/presentata-oggi-la-xvii-edizione-di-libri-come-2026-festa-del-libro-e-della-lettura\/#primaryimage"},"thumbnailUrl":"https:\/\/www.auditorium.com\/wp-content\/uploads\/2026\/03\/conferenza-stampa-libri-come-2026-2-scaled.jpg","articleSection":["Comunicati stampa"],"inLanguage":"it-IT","potentialAction":[{"@type":"CommentAction","name":"Comment","target":["https:\/\/www.auditorium.com\/it\/presentata-oggi-la-xvii-edizione-di-libri-come-2026-festa-del-libro-e-della-lettura\/#respond"]}]},{"@type":"WebPage","@id":"https:\/\/www.auditorium.com\/it\/presentata-oggi-la-xvii-edizione-di-libri-come-2026-festa-del-libro-e-della-lettura\/","url":"https:\/\/www.auditorium.com\/it\/presentata-oggi-la-xvii-edizione-di-libri-come-2026-festa-del-libro-e-della-lettura\/","name":"Presentata oggi la XVII edizione di \"Libri Come 2026. Festa del Libro e della Lettura\" | Auditorium Parco della Musica Ennio Morricone","isPartOf":{"@id":"https:\/\/www.auditorium.com\/it\/#website"},"primaryImageOfPage":{"@id":"https:\/\/www.auditorium.com\/it\/presentata-oggi-la-xvii-edizione-di-libri-come-2026-festa-del-libro-e-della-lettura\/#primaryimage"},"image":{"@id":"https:\/\/www.auditorium.com\/it\/presentata-oggi-la-xvii-edizione-di-libri-come-2026-festa-del-libro-e-della-lettura\/#primaryimage"},"thumbnailUrl":"https:\/\/www.auditorium.com\/wp-content\/uploads\/2026\/03\/conferenza-stampa-libri-come-2026-2-scaled.jpg","datePublished":"2026-03-12T16:29:50+00:00","dateModified":"2026-03-12T16:29:50+00:00","breadcrumb":{"@id":"https:\/\/www.auditorium.com\/it\/presentata-oggi-la-xvii-edizione-di-libri-come-2026-festa-del-libro-e-della-lettura\/#breadcrumb"},"inLanguage":"it-IT","potentialAction":[{"@type":"ReadAction","target":["https:\/\/www.auditorium.com\/it\/presentata-oggi-la-xvii-edizione-di-libri-come-2026-festa-del-libro-e-della-lettura\/"]}]},{"@type":"ImageObject","inLanguage":"it-IT","@id":"https:\/\/www.auditorium.com\/it\/presentata-oggi-la-xvii-edizione-di-libri-come-2026-festa-del-libro-e-della-lettura\/#primaryimage","url":"https:\/\/www.auditorium.com\/wp-content\/uploads\/2026\/03\/conferenza-stampa-libri-come-2026-2-scaled.jpg","contentUrl":"https:\/\/www.auditorium.com\/wp-content\/uploads\/2026\/03\/conferenza-stampa-libri-come-2026-2-scaled.jpg","width":2560,"height":1708},{"@type":"BreadcrumbList","@id":"https:\/\/www.auditorium.com\/it\/presentata-oggi-la-xvii-edizione-di-libri-come-2026-festa-del-libro-e-della-lettura\/#breadcrumb","itemListElement":[{"@type":"ListItem","position":1,"name":"Home","item":"https:\/\/www.auditorium.com\/it\/"},{"@type":"ListItem","position":2,"name":"Presentata oggi la XVII edizione di &#8220;Libri Come 2026. Festa del Libro e della Lettura&#8221;"}]},{"@type":"WebSite","@id":"https:\/\/www.auditorium.com\/it\/#website","url":"https:\/\/www.auditorium.com\/it\/","name":"Auditorium Parco della Musica Ennio Morricone","description":"Progettato da Renzo Piano, l&#039;Auditorium rappresenta una sofisticata architettura musicale e uno straordinario intervento di riqualificazione urbana.","publisher":{"@id":"https:\/\/www.auditorium.com\/it\/#organization"},"potentialAction":[{"@type":"SearchAction","target":{"@type":"EntryPoint","urlTemplate":"https:\/\/www.auditorium.com\/it\/?s={search_term_string}"},"query-input":"required name=search_term_string"}],"inLanguage":"it-IT"},{"@type":"Organization","@id":"https:\/\/www.auditorium.com\/it\/#organization","name":"Auditorium Parco della Musica Ennio Morricone","url":"https:\/\/www.auditorium.com\/it\/","logo":{"@type":"ImageObject","inLanguage":"it-IT","@id":"https:\/\/www.auditorium.com\/it\/#\/schema\/logo\/image\/","url":"https:\/\/www.auditorium.com\/wp-content\/uploads\/2022\/12\/logo-auditorium.svg","contentUrl":"https:\/\/www.auditorium.com\/wp-content\/uploads\/2022\/12\/logo-auditorium.svg","width":86,"height":79,"caption":"Auditorium Parco della Musica Ennio Morricone"},"image":{"@id":"https:\/\/www.auditorium.com\/it\/#\/schema\/logo\/image\/"},"sameAs":["https:\/\/www.facebook.com\/AuditoriumParcodellaMusica","https:\/\/x.com\/auditoriumpdm","https:\/\/www.instagram.com\/auditoriumparcodellamusica\/"]},{"@type":"Person","@id":"https:\/\/www.auditorium.com\/it\/#\/schema\/person\/384cfe54b3bef1764fed020037a15ead","name":"Noemi Quarantelli","image":{"@type":"ImageObject","inLanguage":"it-IT","@id":"https:\/\/www.auditorium.com\/it\/#\/schema\/person\/image\/","url":"https:\/\/secure.gravatar.com\/avatar\/c8b62afea97020a2cd289c57812f9c722d729f924a0852554c242c27ff349893?s=96&d=mm&r=g","contentUrl":"https:\/\/secure.gravatar.com\/avatar\/c8b62afea97020a2cd289c57812f9c722d729f924a0852554c242c27ff349893?s=96&d=mm&r=g","caption":"Noemi Quarantelli"}}]}},"_links":{"self":[{"href":"https:\/\/www.auditorium.com\/it\/wp-json\/wp\/v2\/posts\/45156","targetHints":{"allow":["GET"]}}],"collection":[{"href":"https:\/\/www.auditorium.com\/it\/wp-json\/wp\/v2\/posts"}],"about":[{"href":"https:\/\/www.auditorium.com\/it\/wp-json\/wp\/v2\/types\/post"}],"author":[{"embeddable":true,"href":"https:\/\/www.auditorium.com\/it\/wp-json\/wp\/v2\/users\/1438"}],"replies":[{"embeddable":true,"href":"https:\/\/www.auditorium.com\/it\/wp-json\/wp\/v2\/comments?post=45156"}],"version-history":[{"count":2,"href":"https:\/\/www.auditorium.com\/it\/wp-json\/wp\/v2\/posts\/45156\/revisions"}],"predecessor-version":[{"id":45162,"href":"https:\/\/www.auditorium.com\/it\/wp-json\/wp\/v2\/posts\/45156\/revisions\/45162"}],"wp:featuredmedia":[{"embeddable":true,"href":"https:\/\/www.auditorium.com\/it\/wp-json\/wp\/v2\/media\/45157"}],"wp:attachment":[{"href":"https:\/\/www.auditorium.com\/it\/wp-json\/wp\/v2\/media?parent=45156"}],"wp:term":[{"taxonomy":"category","embeddable":true,"href":"https:\/\/www.auditorium.com\/it\/wp-json\/wp\/v2\/categories?post=45156"},{"taxonomy":"post_tag","embeddable":true,"href":"https:\/\/www.auditorium.com\/it\/wp-json\/wp\/v2\/tags?post=45156"}],"curies":[{"name":"wp","href":"https:\/\/api.w.org\/{rel}","templated":true}]}}