{"id":10717,"date":"2023-10-04T15:45:41","date_gmt":"2023-10-04T13:45:41","guid":{"rendered":"https:\/\/www.auditorium.com\/?p=10717"},"modified":"2023-10-04T15:58:37","modified_gmt":"2023-10-04T13:58:37","slug":"la-fondazione-musica-per-roma-ha-presentato-la-stagione-2023-2024","status":"publish","type":"post","link":"https:\/\/www.auditorium.com\/it\/la-fondazione-musica-per-roma-ha-presentato-la-stagione-2023-2024\/","title":{"rendered":"La Fondazione Musica per Roma ha presentato la stagione 2023\/2024"},"content":{"rendered":"<p>Forte dei successi appena conseguiti con Roma Summer Fest, la stagione dei concerti in Cavea che quest\u2019anno con 58 appuntamenti ha realizzato ben 170.000 spettatori (oltre 20.000 spettatori, +13% rispetto al 2022), la Fondazione Musica per Roma riprende la programmazione nelle sale interne confermandosi uno dei luoghi preferiti dai romani, un polo di attrazione unico nel panorama internazionale per quanto riguarda concerti, spettacoli e attivit\u00e0 culturali. Nella stagione 2023 \u2013 2024 sono molte le novit\u00e0 che verranno introdotte nella programmazione, a partire dalle residenze artistiche che quest\u2019anno, oltre al Premio Oscar Nicola Piovani, vedono coinvolti altri due artisti romani, Tosca e Daniele Silvestri, che realizzeranno progetti originali pensati in diretta sinergia e con il sostegno della Fondazione Musica per Roma. Grande attesa per i concerti di Brad Mehldau, una delle voci pi\u00f9 liriche e intime del pianoforte jazz contemporaneo che si esibir\u00e0 in solo e in trio. Ancora novit\u00e0 per quanto concerne le collaborazioni della Fondazione Musica per Roma con altre istituzioni culturali, a partire dal nuovo progetto di Ascanio Celestini, che, in occasione di Greccio 2023 nell\u2019ottavo centenario della prima rappresentazione del presepe di San Francesco, verr\u00e0 coprodotto con il Comitato Greccio 2023 e con il Teatro Carcano di Milano. Altra importante collaborazione quella con il Teatro dell\u2019Opera di Roma per la realizzazione di Cantamondo, il coro multiculturale che nasce con il doppio intento di proporre ai bambini delle scuole primarie della citt\u00e0 di Roma un corso di formazione al canto corale e di promuovere il loro processo di integrazione con il territorio attraverso il linguaggio della musica.. Infine, la Fondazione Musica per Roma rinnova la collaborazione con Daniele Cipriani per due imperdibili spettacoli di danza: &#8220;Las Estrellas, Gala di Flamenco, Danza Spagnola, Escuela Bolera&#8221; (28 e 29\/01) e il tradizionale &#8220;Les \u00c9toiles&#8221; (15, 16 e 17\/03), il palcoscenico dei pi\u00f9 importanti nomi del balletto classico. Nuovi festival si aggiungono all\u2019importante produzione culturale della Fondazione: Citt\u00e0 in Scena, per raccontare alcune delle pi\u00f9 stimolanti occasioni di rigenerazione urbana a base culturale che, nelle citt\u00e0 italiane, hanno determinato innovazione di prodotto, processo, valorizzazione, rinascita, riconversione di spazi e luoghi pubblici; Video Game Lab, il primo festival italiano dedicato ai cosiddetti <i>applied games<\/i>, ovvero simulazioni virtuali interattivedella realt\u00e0 che attraverso il gioco raggiungono obiettivi educativi, formativi, di marketing e di sensibilizzazione socio-culturale. Si rinnova infine la formula delle Lezioni di Rock, capitanate da Ernesto Assante e Gino Castaldo, da quest\u2019anno rivoluzionate dalla presenza fissa della musica dal vivo dell\u2019Auditorium Band guidata da Gigi De Rienzo.<\/p>\n","protected":false},"excerpt":{"rendered":"Forte dei successi appena conseguiti con Roma Summer Fest, la stagione dei concerti in Cavea che quest\u2019anno con 58 appuntamenti ha realizzato ben 170.000 spettatori (oltre 20.000 spettatori, +13% rispetto al 2022), la Fondazione Musica per Roma riprende la programmazione nelle sale interne confermandosi uno dei luoghi preferiti dai romani, un polo di attrazione unico [&hellip;]","protected":false},"author":24,"featured_media":10718,"comment_status":"open","ping_status":"open","sticky":false,"template":"","format":"standard","meta":{"_acf_changed":false,"inline_featured_image":false,"footnotes":""},"categories":[106],"tags":[],"class_list":["post-10717","post","type-post","status-publish","format-standard","has-post-thumbnail","hentry","category-comunicati-stampa"],"acf":[],"yoast_head":"<!-- This site is optimized with the Yoast SEO plugin v22.6 - https:\/\/yoast.com\/wordpress\/plugins\/seo\/ -->\n<title>La Fondazione Musica per Roma ha presentato la stagione 2023\/2024 | Auditorium Parco della Musica Ennio Morricone<\/title>\n<meta name=\"description\" content=\"La Fondazione Musica per Roma ha presentato con una conferenza stampa la stagione 2023\/2024.\" \/>\n<meta name=\"robots\" content=\"index, follow, max-snippet:-1, max-image-preview:large, max-video-preview:-1\" \/>\n<link rel=\"canonical\" href=\"https:\/\/www.auditorium.com\/it\/la-fondazione-musica-per-roma-ha-presentato-la-stagione-2023-2024\/\" \/>\n<meta property=\"og:locale\" content=\"it_IT\" \/>\n<meta property=\"og:type\" content=\"article\" \/>\n<meta property=\"og:title\" content=\"La Fondazione Musica per Roma ha presentato la stagione 2023\/2024 | Auditorium Parco della Musica Ennio Morricone\" \/>\n<meta property=\"og:description\" content=\"La Fondazione Musica per Roma ha presentato con una conferenza stampa la stagione 2023\/2024.\" \/>\n<meta property=\"og:url\" content=\"https:\/\/www.auditorium.com\/it\/la-fondazione-musica-per-roma-ha-presentato-la-stagione-2023-2024\/\" \/>\n<meta property=\"og:site_name\" content=\"Auditorium Parco della Musica Ennio Morricone\" \/>\n<meta property=\"article:publisher\" content=\"https:\/\/www.facebook.com\/AuditoriumParcodellaMusica\" \/>\n<meta property=\"article:published_time\" content=\"2023-10-04T13:45:41+00:00\" \/>\n<meta property=\"article:modified_time\" content=\"2023-10-04T13:58:37+00:00\" \/>\n<meta property=\"og:image\" content=\"https:\/\/www.auditorium.com\/wp-content\/uploads\/2023\/10\/4Z1A9790-scaled.jpg\" \/>\n\t<meta property=\"og:image:width\" content=\"2560\" \/>\n\t<meta property=\"og:image:height\" content=\"1707\" \/>\n\t<meta property=\"og:image:type\" content=\"image\/jpeg\" \/>\n<meta name=\"author\" content=\"Emanuele Camilli\" \/>\n<meta name=\"twitter:card\" content=\"summary_large_image\" \/>\n<meta name=\"twitter:creator\" content=\"@auditoriumpdm\" \/>\n<meta name=\"twitter:site\" content=\"@auditoriumpdm\" \/>\n<meta name=\"twitter:label1\" content=\"Scritto da\" \/>\n\t<meta name=\"twitter:data1\" content=\"Emanuele Camilli\" \/>\n\t<meta name=\"twitter:label2\" content=\"Tempo di lettura stimato\" \/>\n\t<meta name=\"twitter:data2\" content=\"3 minuti\" \/>\n<script type=\"application\/ld+json\" class=\"yoast-schema-graph\">{\"@context\":\"https:\/\/schema.org\",\"@graph\":[{\"@type\":\"Article\",\"@id\":\"https:\/\/www.auditorium.com\/it\/la-fondazione-musica-per-roma-ha-presentato-la-stagione-2023-2024\/#article\",\"isPartOf\":{\"@id\":\"https:\/\/www.auditorium.com\/it\/la-fondazione-musica-per-roma-ha-presentato-la-stagione-2023-2024\/\"},\"author\":{\"name\":\"Emanuele Camilli\",\"@id\":\"https:\/\/www.auditorium.com\/it\/#\/schema\/person\/ba274ec0d3d9287cf6783059f90782d0\"},\"headline\":\"La Fondazione Musica per Roma ha presentato la stagione 2023\/2024\",\"datePublished\":\"2023-10-04T13:45:41+00:00\",\"dateModified\":\"2023-10-04T13:58:37+00:00\",\"mainEntityOfPage\":{\"@id\":\"https:\/\/www.auditorium.com\/it\/la-fondazione-musica-per-roma-ha-presentato-la-stagione-2023-2024\/\"},\"wordCount\":415,\"commentCount\":0,\"publisher\":{\"@id\":\"https:\/\/www.auditorium.com\/it\/#organization\"},\"image\":{\"@id\":\"https:\/\/www.auditorium.com\/it\/la-fondazione-musica-per-roma-ha-presentato-la-stagione-2023-2024\/#primaryimage\"},\"thumbnailUrl\":\"https:\/\/www.auditorium.com\/wp-content\/uploads\/2023\/10\/4Z1A9790-scaled.jpg\",\"articleSection\":[\"Comunicati stampa\"],\"inLanguage\":\"it-IT\",\"potentialAction\":[{\"@type\":\"CommentAction\",\"name\":\"Comment\",\"target\":[\"https:\/\/www.auditorium.com\/it\/la-fondazione-musica-per-roma-ha-presentato-la-stagione-2023-2024\/#respond\"]}]},{\"@type\":\"WebPage\",\"@id\":\"https:\/\/www.auditorium.com\/it\/la-fondazione-musica-per-roma-ha-presentato-la-stagione-2023-2024\/\",\"url\":\"https:\/\/www.auditorium.com\/it\/la-fondazione-musica-per-roma-ha-presentato-la-stagione-2023-2024\/\",\"name\":\"La Fondazione Musica per Roma ha presentato la stagione 2023\/2024 | Auditorium Parco della Musica Ennio Morricone\",\"isPartOf\":{\"@id\":\"https:\/\/www.auditorium.com\/it\/#website\"},\"primaryImageOfPage\":{\"@id\":\"https:\/\/www.auditorium.com\/it\/la-fondazione-musica-per-roma-ha-presentato-la-stagione-2023-2024\/#primaryimage\"},\"image\":{\"@id\":\"https:\/\/www.auditorium.com\/it\/la-fondazione-musica-per-roma-ha-presentato-la-stagione-2023-2024\/#primaryimage\"},\"thumbnailUrl\":\"https:\/\/www.auditorium.com\/wp-content\/uploads\/2023\/10\/4Z1A9790-scaled.jpg\",\"datePublished\":\"2023-10-04T13:45:41+00:00\",\"dateModified\":\"2023-10-04T13:58:37+00:00\",\"description\":\"La Fondazione Musica per Roma ha presentato con una conferenza stampa la stagione 2023\/2024.\",\"breadcrumb\":{\"@id\":\"https:\/\/www.auditorium.com\/it\/la-fondazione-musica-per-roma-ha-presentato-la-stagione-2023-2024\/#breadcrumb\"},\"inLanguage\":\"it-IT\",\"potentialAction\":[{\"@type\":\"ReadAction\",\"target\":[\"https:\/\/www.auditorium.com\/it\/la-fondazione-musica-per-roma-ha-presentato-la-stagione-2023-2024\/\"]}]},{\"@type\":\"ImageObject\",\"inLanguage\":\"it-IT\",\"@id\":\"https:\/\/www.auditorium.com\/it\/la-fondazione-musica-per-roma-ha-presentato-la-stagione-2023-2024\/#primaryimage\",\"url\":\"https:\/\/www.auditorium.com\/wp-content\/uploads\/2023\/10\/4Z1A9790-scaled.jpg\",\"contentUrl\":\"https:\/\/www.auditorium.com\/wp-content\/uploads\/2023\/10\/4Z1A9790-scaled.jpg\",\"width\":2560,\"height\":1707,\"caption\":\"Roma, Auditorium Parco della Musica 04 10 2023 Conferenza Stampa di presentazione della Stagione \u00a9Fondazione Musica Per Roma - Musacchio, Pasqualini &amp; Fucilla\/MUSA ******************* NB la presente foto puo' essere utilizzata esclusivamente per l'avvenimento in oggetto o per pubblicazioni riguardanti Fondazione Musica Per Roma\"},{\"@type\":\"BreadcrumbList\",\"@id\":\"https:\/\/www.auditorium.com\/it\/la-fondazione-musica-per-roma-ha-presentato-la-stagione-2023-2024\/#breadcrumb\",\"itemListElement\":[{\"@type\":\"ListItem\",\"position\":1,\"name\":\"Home\",\"item\":\"https:\/\/www.auditorium.com\/it\/\"},{\"@type\":\"ListItem\",\"position\":2,\"name\":\"La Fondazione Musica per Roma ha presentato la stagione 2023\/2024\"}]},{\"@type\":\"WebSite\",\"@id\":\"https:\/\/www.auditorium.com\/it\/#website\",\"url\":\"https:\/\/www.auditorium.com\/it\/\",\"name\":\"Auditorium Parco della Musica Ennio Morricone\",\"description\":\"Progettato da Renzo Piano, l&#039;Auditorium rappresenta una sofisticata architettura musicale e uno straordinario intervento di riqualificazione urbana.\",\"publisher\":{\"@id\":\"https:\/\/www.auditorium.com\/it\/#organization\"},\"potentialAction\":[{\"@type\":\"SearchAction\",\"target\":{\"@type\":\"EntryPoint\",\"urlTemplate\":\"https:\/\/www.auditorium.com\/it\/?s={search_term_string}\"},\"query-input\":\"required name=search_term_string\"}],\"inLanguage\":\"it-IT\"},{\"@type\":\"Organization\",\"@id\":\"https:\/\/www.auditorium.com\/it\/#organization\",\"name\":\"Auditorium Parco della Musica Ennio Morricone\",\"url\":\"https:\/\/www.auditorium.com\/it\/\",\"logo\":{\"@type\":\"ImageObject\",\"inLanguage\":\"it-IT\",\"@id\":\"https:\/\/www.auditorium.com\/it\/#\/schema\/logo\/image\/\",\"url\":\"https:\/\/www.auditorium.com\/wp-content\/uploads\/2022\/12\/logo-auditorium.svg\",\"contentUrl\":\"https:\/\/www.auditorium.com\/wp-content\/uploads\/2022\/12\/logo-auditorium.svg\",\"width\":86,\"height\":79,\"caption\":\"Auditorium Parco della Musica Ennio Morricone\"},\"image\":{\"@id\":\"https:\/\/www.auditorium.com\/it\/#\/schema\/logo\/image\/\"},\"sameAs\":[\"https:\/\/www.facebook.com\/AuditoriumParcodellaMusica\",\"https:\/\/x.com\/auditoriumpdm\",\"https:\/\/www.instagram.com\/auditoriumparcodellamusica\/\"]},{\"@type\":\"Person\",\"@id\":\"https:\/\/www.auditorium.com\/it\/#\/schema\/person\/ba274ec0d3d9287cf6783059f90782d0\",\"name\":\"Emanuele Camilli\",\"image\":{\"@type\":\"ImageObject\",\"inLanguage\":\"it-IT\",\"@id\":\"https:\/\/www.auditorium.com\/it\/#\/schema\/person\/image\/\",\"url\":\"https:\/\/secure.gravatar.com\/avatar\/36ef52337d799de5b15c62f9210a3f6319cb409a709fbdbaa1238e352e9298f7?s=96&d=mm&r=g\",\"contentUrl\":\"https:\/\/secure.gravatar.com\/avatar\/36ef52337d799de5b15c62f9210a3f6319cb409a709fbdbaa1238e352e9298f7?s=96&d=mm&r=g\",\"caption\":\"Emanuele Camilli\"}}]}<\/script>\n<!-- \/ Yoast SEO plugin. -->","yoast_head_json":{"title":"La Fondazione Musica per Roma ha presentato la stagione 2023\/2024 | Auditorium Parco della Musica Ennio Morricone","description":"La Fondazione Musica per Roma ha presentato con una conferenza stampa la stagione 2023\/2024.","robots":{"index":"index","follow":"follow","max-snippet":"max-snippet:-1","max-image-preview":"max-image-preview:large","max-video-preview":"max-video-preview:-1"},"canonical":"https:\/\/www.auditorium.com\/it\/la-fondazione-musica-per-roma-ha-presentato-la-stagione-2023-2024\/","og_locale":"it_IT","og_type":"article","og_title":"La Fondazione Musica per Roma ha presentato la stagione 2023\/2024 | Auditorium Parco della Musica Ennio Morricone","og_description":"La Fondazione Musica per Roma ha presentato con una conferenza stampa la stagione 2023\/2024.","og_url":"https:\/\/www.auditorium.com\/it\/la-fondazione-musica-per-roma-ha-presentato-la-stagione-2023-2024\/","og_site_name":"Auditorium Parco della Musica Ennio Morricone","article_publisher":"https:\/\/www.facebook.com\/AuditoriumParcodellaMusica","article_published_time":"2023-10-04T13:45:41+00:00","article_modified_time":"2023-10-04T13:58:37+00:00","og_image":[{"width":2560,"height":1707,"url":"https:\/\/www.auditorium.com\/wp-content\/uploads\/2023\/10\/4Z1A9790-scaled.jpg","type":"image\/jpeg"}],"author":"Emanuele Camilli","twitter_card":"summary_large_image","twitter_creator":"@auditoriumpdm","twitter_site":"@auditoriumpdm","twitter_misc":{"Scritto da":"Emanuele Camilli","Tempo di lettura stimato":"3 minuti"},"schema":{"@context":"https:\/\/schema.org","@graph":[{"@type":"Article","@id":"https:\/\/www.auditorium.com\/it\/la-fondazione-musica-per-roma-ha-presentato-la-stagione-2023-2024\/#article","isPartOf":{"@id":"https:\/\/www.auditorium.com\/it\/la-fondazione-musica-per-roma-ha-presentato-la-stagione-2023-2024\/"},"author":{"name":"Emanuele Camilli","@id":"https:\/\/www.auditorium.com\/it\/#\/schema\/person\/ba274ec0d3d9287cf6783059f90782d0"},"headline":"La Fondazione Musica per Roma ha presentato la stagione 2023\/2024","datePublished":"2023-10-04T13:45:41+00:00","dateModified":"2023-10-04T13:58:37+00:00","mainEntityOfPage":{"@id":"https:\/\/www.auditorium.com\/it\/la-fondazione-musica-per-roma-ha-presentato-la-stagione-2023-2024\/"},"wordCount":415,"commentCount":0,"publisher":{"@id":"https:\/\/www.auditorium.com\/it\/#organization"},"image":{"@id":"https:\/\/www.auditorium.com\/it\/la-fondazione-musica-per-roma-ha-presentato-la-stagione-2023-2024\/#primaryimage"},"thumbnailUrl":"https:\/\/www.auditorium.com\/wp-content\/uploads\/2023\/10\/4Z1A9790-scaled.jpg","articleSection":["Comunicati stampa"],"inLanguage":"it-IT","potentialAction":[{"@type":"CommentAction","name":"Comment","target":["https:\/\/www.auditorium.com\/it\/la-fondazione-musica-per-roma-ha-presentato-la-stagione-2023-2024\/#respond"]}]},{"@type":"WebPage","@id":"https:\/\/www.auditorium.com\/it\/la-fondazione-musica-per-roma-ha-presentato-la-stagione-2023-2024\/","url":"https:\/\/www.auditorium.com\/it\/la-fondazione-musica-per-roma-ha-presentato-la-stagione-2023-2024\/","name":"La Fondazione Musica per Roma ha presentato la stagione 2023\/2024 | Auditorium Parco della Musica Ennio Morricone","isPartOf":{"@id":"https:\/\/www.auditorium.com\/it\/#website"},"primaryImageOfPage":{"@id":"https:\/\/www.auditorium.com\/it\/la-fondazione-musica-per-roma-ha-presentato-la-stagione-2023-2024\/#primaryimage"},"image":{"@id":"https:\/\/www.auditorium.com\/it\/la-fondazione-musica-per-roma-ha-presentato-la-stagione-2023-2024\/#primaryimage"},"thumbnailUrl":"https:\/\/www.auditorium.com\/wp-content\/uploads\/2023\/10\/4Z1A9790-scaled.jpg","datePublished":"2023-10-04T13:45:41+00:00","dateModified":"2023-10-04T13:58:37+00:00","description":"La Fondazione Musica per Roma ha presentato con una conferenza stampa la stagione 2023\/2024.","breadcrumb":{"@id":"https:\/\/www.auditorium.com\/it\/la-fondazione-musica-per-roma-ha-presentato-la-stagione-2023-2024\/#breadcrumb"},"inLanguage":"it-IT","potentialAction":[{"@type":"ReadAction","target":["https:\/\/www.auditorium.com\/it\/la-fondazione-musica-per-roma-ha-presentato-la-stagione-2023-2024\/"]}]},{"@type":"ImageObject","inLanguage":"it-IT","@id":"https:\/\/www.auditorium.com\/it\/la-fondazione-musica-per-roma-ha-presentato-la-stagione-2023-2024\/#primaryimage","url":"https:\/\/www.auditorium.com\/wp-content\/uploads\/2023\/10\/4Z1A9790-scaled.jpg","contentUrl":"https:\/\/www.auditorium.com\/wp-content\/uploads\/2023\/10\/4Z1A9790-scaled.jpg","width":2560,"height":1707,"caption":"Roma, Auditorium Parco della Musica 04 10 2023 Conferenza Stampa di presentazione della Stagione \u00a9Fondazione Musica Per Roma - Musacchio, Pasqualini &amp; Fucilla\/MUSA ******************* NB la presente foto puo' essere utilizzata esclusivamente per l'avvenimento in oggetto o per pubblicazioni riguardanti Fondazione Musica Per Roma"},{"@type":"BreadcrumbList","@id":"https:\/\/www.auditorium.com\/it\/la-fondazione-musica-per-roma-ha-presentato-la-stagione-2023-2024\/#breadcrumb","itemListElement":[{"@type":"ListItem","position":1,"name":"Home","item":"https:\/\/www.auditorium.com\/it\/"},{"@type":"ListItem","position":2,"name":"La Fondazione Musica per Roma ha presentato la stagione 2023\/2024"}]},{"@type":"WebSite","@id":"https:\/\/www.auditorium.com\/it\/#website","url":"https:\/\/www.auditorium.com\/it\/","name":"Auditorium Parco della Musica Ennio Morricone","description":"Progettato da Renzo Piano, l&#039;Auditorium rappresenta una sofisticata architettura musicale e uno straordinario intervento di riqualificazione urbana.","publisher":{"@id":"https:\/\/www.auditorium.com\/it\/#organization"},"potentialAction":[{"@type":"SearchAction","target":{"@type":"EntryPoint","urlTemplate":"https:\/\/www.auditorium.com\/it\/?s={search_term_string}"},"query-input":"required name=search_term_string"}],"inLanguage":"it-IT"},{"@type":"Organization","@id":"https:\/\/www.auditorium.com\/it\/#organization","name":"Auditorium Parco della Musica Ennio Morricone","url":"https:\/\/www.auditorium.com\/it\/","logo":{"@type":"ImageObject","inLanguage":"it-IT","@id":"https:\/\/www.auditorium.com\/it\/#\/schema\/logo\/image\/","url":"https:\/\/www.auditorium.com\/wp-content\/uploads\/2022\/12\/logo-auditorium.svg","contentUrl":"https:\/\/www.auditorium.com\/wp-content\/uploads\/2022\/12\/logo-auditorium.svg","width":86,"height":79,"caption":"Auditorium Parco della Musica Ennio Morricone"},"image":{"@id":"https:\/\/www.auditorium.com\/it\/#\/schema\/logo\/image\/"},"sameAs":["https:\/\/www.facebook.com\/AuditoriumParcodellaMusica","https:\/\/x.com\/auditoriumpdm","https:\/\/www.instagram.com\/auditoriumparcodellamusica\/"]},{"@type":"Person","@id":"https:\/\/www.auditorium.com\/it\/#\/schema\/person\/ba274ec0d3d9287cf6783059f90782d0","name":"Emanuele Camilli","image":{"@type":"ImageObject","inLanguage":"it-IT","@id":"https:\/\/www.auditorium.com\/it\/#\/schema\/person\/image\/","url":"https:\/\/secure.gravatar.com\/avatar\/36ef52337d799de5b15c62f9210a3f6319cb409a709fbdbaa1238e352e9298f7?s=96&d=mm&r=g","contentUrl":"https:\/\/secure.gravatar.com\/avatar\/36ef52337d799de5b15c62f9210a3f6319cb409a709fbdbaa1238e352e9298f7?s=96&d=mm&r=g","caption":"Emanuele Camilli"}}]}},"_links":{"self":[{"href":"https:\/\/www.auditorium.com\/it\/wp-json\/wp\/v2\/posts\/10717","targetHints":{"allow":["GET"]}}],"collection":[{"href":"https:\/\/www.auditorium.com\/it\/wp-json\/wp\/v2\/posts"}],"about":[{"href":"https:\/\/www.auditorium.com\/it\/wp-json\/wp\/v2\/types\/post"}],"author":[{"embeddable":true,"href":"https:\/\/www.auditorium.com\/it\/wp-json\/wp\/v2\/users\/24"}],"replies":[{"embeddable":true,"href":"https:\/\/www.auditorium.com\/it\/wp-json\/wp\/v2\/comments?post=10717"}],"version-history":[{"count":3,"href":"https:\/\/www.auditorium.com\/it\/wp-json\/wp\/v2\/posts\/10717\/revisions"}],"predecessor-version":[{"id":10722,"href":"https:\/\/www.auditorium.com\/it\/wp-json\/wp\/v2\/posts\/10717\/revisions\/10722"}],"wp:featuredmedia":[{"embeddable":true,"href":"https:\/\/www.auditorium.com\/it\/wp-json\/wp\/v2\/media\/10718"}],"wp:attachment":[{"href":"https:\/\/www.auditorium.com\/it\/wp-json\/wp\/v2\/media?parent=10717"}],"wp:term":[{"taxonomy":"category","embeddable":true,"href":"https:\/\/www.auditorium.com\/it\/wp-json\/wp\/v2\/categories?post=10717"},{"taxonomy":"post_tag","embeddable":true,"href":"https:\/\/www.auditorium.com\/it\/wp-json\/wp\/v2\/tags?post=10717"}],"curies":[{"name":"wp","href":"https:\/\/api.w.org\/{rel}","templated":true}]}}